{"id":15179,"date":"2023-04-03T17:28:18","date_gmt":"2023-04-03T17:28:18","guid":{"rendered":"http:\/\/staging.ibermusicas.org\/?p=15179"},"modified":"2023-05-02T17:45:50","modified_gmt":"2023-05-02T17:45:50","slug":"la-gran-pianista-paraguaya-chiara-dodorico-lleva-a-mexico-la-musica-creada-en-paraguay","status":"publish","type":"post","link":"http:\/\/staging.ibermusicas.org\/index.php\/la-gran-pianista-paraguaya-chiara-dodorico-lleva-a-mexico-la-musica-creada-en-paraguay\/","title":{"rendered":"La gran pianista paraguaya Chiara D\u2019Odorico, lleva a M\u00e9xico la m\u00fasica creada en Paraguay"},"content":{"rendered":"<p>Chiara D\u2019Odorico propone difundir la m\u00fasica de compositores sudamericanos en M\u00e9xico, espec\u00edficamente m\u00fasicos acad\u00e9micos paraguayos. Ser\u00e1 un hecho sin precedentes ya que por primera vez una pianista paraguaya estar\u00e1 presentando m\u00fasica de sus compatriotas en dicho pa\u00eds. La gira se enmarca en la invitaci\u00f3n de la Facultad de M\u00fasica de la Universidad Nacional Aut\u00f3noma de M\u00e9xico (UNAM)<\/p>\n<p>&nbsp;<\/p>\n<p>Chiara D\u2019Odorico naci\u00f3 en Asunci\u00f3n &#8211; Paraguay en 1990. Es considerada una de las pianistas paraguayas con mayor reconocimiento a nivel internacional. Desarrolla una intensa actividad musical present\u00e1ndose regularmente en distintos pa\u00edses como solista y con orquesta.<\/p>\n<p>Ha sido distinguida con distintos premios que realzan su carrera art\u00edstica como \u00abEmbajadora Tur\u00edstica del Paraguay\u00bb, \u201cPremio Art\u00edfices del Cambio: Mujeres que Innovan y Crean\u201d, \u201cJoven Sobresaliente del Paraguay, \u201cPremio Nacional de la Juventud\u201d entregado por el Presidente de la Rep\u00fablica, \u201cPremio Homenaje a la Mujer Paraguaya de hoy\u201d. Cuenta con dos materiales discogr\u00e1ficos, \u201cPurah\u00e9i che ret\u00e3gua\u201d\u00a0 y \u201cOfrenda a mi tierra\u201d.<\/p>\n<p>&nbsp;<\/p>\n<p>En su actividad como docente es maestra formadora de muchos ni\u00f1os y j\u00f3venes de distintos pa\u00edses ha dictado clases magistrales en Per\u00fa, Bolivia, Ecuador, Estados Unidos, Paraguay, Argentina. Fue miembro de jurado en concursos infanto-juvenil de piano. Ha ganado diferentes premios en concursos nacionales e internacionales. Se gradu\u00f3 como Licenciada en Artes Musicales con orientaci\u00f3n en piano en la Universidad Nacional de las Artes (Buenos Aires), como disc\u00edpula del maestro Manuel Massone. En el 2014 recibi\u00f3 el t\u00edtulo de M\u00e1ster en Interpretaci\u00f3n Musical en la Escuela Superior de M\u00fasica de Catalu\u00f1a (Barcelona), gracias a una beca concedida por el Fondo Nacional de la Cultura y las Artes, donde estudi\u00f3 con el maestro Pierre R\u00e9ach. Permanentemente contin\u00faa aconsej\u00e1ndose con el maestro Bruno Gelber en Buenos Aires y con Denis Lossev en Barcelona.<\/p>\n<p>&nbsp;<\/p>\n<p>&nbsp;<\/p>\n<ul>\n<li>Conferencia sobre m\u00fasica paraguaya: mi\u00e9rcoles 12 de abril a las 17 hs en la Sala A-10 de la UNAM<\/li>\n<li>Masterclass de Piano: mi\u00e9rcoles 12 de abril a las 18 hs en la Sala A-10 de la UNAM<\/li>\n<li>Recital de Piano: jueves 13 de abril a las 19 hs en la Sala Xochipilli con el pianista David Lonardi, invitado para la ejecuci\u00f3n de dos obras para piano a cuatro manos<\/li>\n<\/ul>\n<p>&nbsp;<\/p>\n<p>@chiaradodorico<\/p>\n","protected":false},"excerpt":{"rendered":"<p>Chiara D\u2019Odorico propone difundir la m\u00fasica de compositores sudamericanos en M\u00e9xico, espec\u00edficamente m\u00fasicos acad\u00e9micos paraguayos. Ser\u00e1 un hecho sin precedentes ya que por primera vez una pianista paraguaya estar\u00e1 presentando m\u00fasica de sus compatriotas en dicho pa\u00eds. La gira se enmarca en la invitaci\u00f3n de la Facultad de M\u00fasica de la Universidad Nacional Aut\u00f3noma de [&hellip;]<\/p>\n","protected":false},"author":1,"featured_media":15180,"comment_status":"closed","ping_status":"closed","sticky":false,"template":"","format":"standard","meta":{"footnotes":""},"categories":[53],"tags":[],"class_list":["post-15179","post","type-post","status-publish","format-standard","has-post-thumbnail","hentry","category-noticias-generales"],"lang":"es","translations":{"es":15179,"pt":15182},"pll_sync_post":[],"post_mailing_queue_ids":[],"_links":{"self":[{"href":"http:\/\/staging.ibermusicas.org\/index.php\/wp-json\/wp\/v2\/posts\/15179","targetHints":{"allow":["GET"]}}],"collection":[{"href":"http:\/\/staging.ibermusicas.org\/index.php\/wp-json\/wp\/v2\/posts"}],"about":[{"href":"http:\/\/staging.ibermusicas.org\/index.php\/wp-json\/wp\/v2\/types\/post"}],"author":[{"embeddable":true,"href":"http:\/\/staging.ibermusicas.org\/index.php\/wp-json\/wp\/v2\/users\/1"}],"replies":[{"embeddable":true,"href":"http:\/\/staging.ibermusicas.org\/index.php\/wp-json\/wp\/v2\/comments?post=15179"}],"version-history":[{"count":1,"href":"http:\/\/staging.ibermusicas.org\/index.php\/wp-json\/wp\/v2\/posts\/15179\/revisions"}],"predecessor-version":[{"id":15181,"href":"http:\/\/staging.ibermusicas.org\/index.php\/wp-json\/wp\/v2\/posts\/15179\/revisions\/15181"}],"wp:featuredmedia":[{"embeddable":true,"href":"http:\/\/staging.ibermusicas.org\/index.php\/wp-json\/wp\/v2\/media\/15180"}],"wp:attachment":[{"href":"http:\/\/staging.ibermusicas.org\/index.php\/wp-json\/wp\/v2\/media?parent=15179"}],"wp:term":[{"taxonomy":"category","embeddable":true,"href":"http:\/\/staging.ibermusicas.org\/index.php\/wp-json\/wp\/v2\/categories?post=15179"},{"taxonomy":"post_tag","embeddable":true,"href":"http:\/\/staging.ibermusicas.org\/index.php\/wp-json\/wp\/v2\/tags?post=15179"}],"curies":[{"name":"wp","href":"https:\/\/api.w.org\/{rel}","templated":true}]}}