{"id":15182,"date":"2023-04-03T17:30:49","date_gmt":"2023-04-03T17:30:49","guid":{"rendered":"http:\/\/staging.ibermusicas.org\/?p=15182"},"modified":"2023-05-02T17:48:47","modified_gmt":"2023-05-02T17:48:47","slug":"a-grande-pianista-paraguaya-chiara-dodorico-traz-ao-mexico-a-musica-criada-no-paraguay","status":"publish","type":"post","link":"http:\/\/staging.ibermusicas.org\/index.php\/a-grande-pianista-paraguaya-chiara-dodorico-traz-ao-mexico-a-musica-criada-no-paraguay\/","title":{"rendered":"A grande pianista paraguaya Chiara D&#8217;Odorico, traz ao M\u00e9xico a m\u00fasica criada no Paraguay"},"content":{"rendered":"<p>Chiara D&#8217;Odorico se prop\u00f5e a divulgar no M\u00e9xico a m\u00fasica de compositores sul-americanos, especificamente m\u00fasicos acad\u00eamicos paraguaios. A pianista paraguaia apresentar\u00e1 m\u00fasicas de seus compatriotas naquele pa\u00eds. A turn\u00ea faz parte do convite da Faculdade de M\u00fasica da Universidade Nacional Aut\u00f4noma do M\u00e9xico (UNAM)<\/p>\n<p>&nbsp;<\/p>\n<p>Chiara D&#8217;Odorico nasceu em Assun\u00e7\u00e3o &#8211; Paraguai em 1990. Ela \u00e9 considerada uma das pianistas paraguayas com maior reconhecimento internacional. Desenvolve uma intensa atividade musical, apresentando-se regularmente em diversos pa\u00edses como solista e com orquestra. Foi distinguida com diversos pr\u00eamios que engrandecem sua carreira art\u00edstica como \u00abEmbaixadora Tur\u00edstica do Paraguai \u00ab, \u00abPr\u00eamio Artif\u00edcios da Mudan\u00e7a: Mulheres que Inovam e Criam\u201d, \u201cJuventude Destaque do Paraguai, \u201cPr\u00eamio Nacional da Juventude\u201d entregue pelo\u00a0 Presidente da Rep\u00fablica, \u00abPr\u00eamio Homenagem \u00e0 Mulher Paraguaia de Hoje\u00bb. Possui dois materiais de grava\u00e7\u00e3o, \u00abPurah\u00e9i che ret\u00e3gua\u00bb e \u00abOfrenda a mi tierra\u00bb.<\/p>\n<p>&nbsp;<\/p>\n<p>Na sua atividade como professora, \u00e9 formadora de professores de muitas crian\u00e7as e jovens de diversos pa\u00edses ministrou masterclasses no Peru, Bol\u00edvia, Equador, Estados Unidos, Paraguai, Argentina. Foi membro do j\u00fari em concursos de piano infanto-juvenil. Ganhou diversos pr\u00eamios em concursos nacionais e internacionais. Formou-se como Bacharel em Artes Musicais com orienta\u00e7\u00e3o de piano na Universidade Nacional das Artes (Buenos Aires), como disc\u00edpula do maestro Manuel Massone. Em 2014 concluiu o Mestrado em Interpreta\u00e7\u00e3o Musical na Escuela Superior de M\u00fasica de Catalu\u00f1a (Barcelona), gra\u00e7as a uma bolsa concedida pelo Fundo Nacional para a Cultura e as Artes, onde estudou com o maestro Pierre R\u00e9ach. Continua assessorando permanentemente com o professor Bruno Gelber em Buenos Aires e com Denis Lossev em Barcelona<\/p>\n<p>&nbsp;<\/p>\n<ul>\n<li>Palestra sobre m\u00fasica paraguaia: Quarta-feira, 12 de abril \u00e0s 17h na Sala A-10 da<\/li>\n<li>Classe mestre de Piano da UNAM: Quarta-feira, 12 de abril \u00e0s 18h na Sala A-10 do<\/li>\n<li>Recital de Piano da UNAM: Quinta-feira, 13 de abril \u00e0s 19h00 na Sala Xochipilli com o pianista David Lonardi, convidado para a execu\u00e7\u00e3o de duas obras para piano a quatro m\u00e3os<\/li>\n<\/ul>\n<p>&nbsp;<\/p>\n<p>@chiaradodorico<\/p>\n","protected":false},"excerpt":{"rendered":"<p>Chiara D&#8217;Odorico se prop\u00f5e a divulgar no M\u00e9xico a m\u00fasica de compositores sul-americanos, especificamente m\u00fasicos acad\u00eamicos paraguaios. A pianista paraguaia apresentar\u00e1 m\u00fasicas de seus compatriotas naquele pa\u00eds. A turn\u00ea faz parte do convite da Faculdade de M\u00fasica da Universidade Nacional Aut\u00f4noma do M\u00e9xico (UNAM) &nbsp; Chiara D&#8217;Odorico nasceu em Assun\u00e7\u00e3o &#8211; Paraguai em 1990. Ela [&hellip;]<\/p>\n","protected":false},"author":1,"featured_media":15180,"comment_status":"closed","ping_status":"closed","sticky":false,"template":"","format":"standard","meta":{"footnotes":""},"categories":[218],"tags":[],"class_list":["post-15182","post","type-post","status-publish","format-standard","has-post-thumbnail","hentry","category-noticias-generales-pt"],"lang":"pt","translations":{"pt":15182,"es":15179},"pll_sync_post":[],"post_mailing_queue_ids":[],"_links":{"self":[{"href":"http:\/\/staging.ibermusicas.org\/index.php\/wp-json\/wp\/v2\/posts\/15182","targetHints":{"allow":["GET"]}}],"collection":[{"href":"http:\/\/staging.ibermusicas.org\/index.php\/wp-json\/wp\/v2\/posts"}],"about":[{"href":"http:\/\/staging.ibermusicas.org\/index.php\/wp-json\/wp\/v2\/types\/post"}],"author":[{"embeddable":true,"href":"http:\/\/staging.ibermusicas.org\/index.php\/wp-json\/wp\/v2\/users\/1"}],"replies":[{"embeddable":true,"href":"http:\/\/staging.ibermusicas.org\/index.php\/wp-json\/wp\/v2\/comments?post=15182"}],"version-history":[{"count":1,"href":"http:\/\/staging.ibermusicas.org\/index.php\/wp-json\/wp\/v2\/posts\/15182\/revisions"}],"predecessor-version":[{"id":15183,"href":"http:\/\/staging.ibermusicas.org\/index.php\/wp-json\/wp\/v2\/posts\/15182\/revisions\/15183"}],"wp:featuredmedia":[{"embeddable":true,"href":"http:\/\/staging.ibermusicas.org\/index.php\/wp-json\/wp\/v2\/media\/15180"}],"wp:attachment":[{"href":"http:\/\/staging.ibermusicas.org\/index.php\/wp-json\/wp\/v2\/media?parent=15182"}],"wp:term":[{"taxonomy":"category","embeddable":true,"href":"http:\/\/staging.ibermusicas.org\/index.php\/wp-json\/wp\/v2\/categories?post=15182"},{"taxonomy":"post_tag","embeddable":true,"href":"http:\/\/staging.ibermusicas.org\/index.php\/wp-json\/wp\/v2\/tags?post=15182"}],"curies":[{"name":"wp","href":"https:\/\/api.w.org\/{rel}","templated":true}]}}