{"id":15189,"date":"2023-04-03T17:46:59","date_gmt":"2023-04-03T17:46:59","guid":{"rendered":"http:\/\/staging.ibermusicas.org\/?p=15189"},"modified":"2023-04-03T17:46:59","modified_gmt":"2023-04-03T17:46:59","slug":"navega-propone-un-recorrido-por-las-musicas-del-litoral-de-la-cuenca-del-plata","status":"publish","type":"post","link":"http:\/\/staging.ibermusicas.org\/index.php\/navega-propone-un-recorrido-por-las-musicas-del-litoral-de-la-cuenca-del-plata\/","title":{"rendered":"Navega, propone un recorrido por las m\u00fasicas del litoral de la Cuenca del Plata"},"content":{"rendered":"<p>La regi\u00f3n litoral de la Cuenca del Plata ofrece una multiplicidad cultural que trasciende los l\u00edmites territoriales, nutrida de pluralidad de im\u00e1genes, sonidos y sobre todo de la relaci\u00f3n con la geograf\u00eda que imponen sus r\u00edos.<\/p>\n<p>&nbsp;<\/p>\n<p>Navega propone una forma de viajar en la b\u00fasqueda y el conocimiento de esta regi\u00f3n, ahondando en su m\u00fasica. Establece un posible recorrido a trav\u00e9s del cancionero representativo, interpretado por j\u00f3venes m\u00fasicos invitados, que aportaron sus diferentes lecturas y propuestas. A trav\u00e9s de entrevistas, suma a importantes referentes actuales de la canci\u00f3n, para conocer su realidad actual, profundizar en el origen, en el esp\u00edritu, la identidad y las tradiciones, brindando informaci\u00f3n sobre autores, letras, estilos y g\u00e9neros, as\u00ed como sobre los int\u00e9rpretes m\u00e1s relevantes en el imaginario popular.<\/p>\n<p>&nbsp;<\/p>\n<p>Navega, es un ciclo de seis audiovisuales que cuentan con la participaci\u00f3n de Jorge Fandermole, Ana Prada, Carlos Aguirre, Antonio Tarrag\u00f3 Ros, Carlos Pino y Cr\u00edspulo Pavetti, junto a Yas\u00ed Yater\u00e9 Guitarra Tr\u00edo, Patricia G\u00f3mez Grupo, Las Guitarras Gualeyas, D\u00fao Durand Mansilla- Druetta, Jos\u00e9 \u201cChey\u201d Ramos y Marcos Montes.<\/p>\n<p>&nbsp;<\/p>\n<p>A partir del 13 de abril, todos los jueves en la pantalla de UNICANAL.<\/p>\n","protected":false},"excerpt":{"rendered":"<p>La regi\u00f3n litoral de la Cuenca del Plata ofrece una multiplicidad cultural que trasciende los l\u00edmites territoriales, nutrida de pluralidad de im\u00e1genes, sonidos y sobre todo de la relaci\u00f3n con la geograf\u00eda que imponen sus r\u00edos. &nbsp; Navega propone una forma de viajar en la b\u00fasqueda y el conocimiento de esta regi\u00f3n, ahondando en su [&hellip;]<\/p>\n","protected":false},"author":1,"featured_media":15190,"comment_status":"closed","ping_status":"closed","sticky":false,"template":"","format":"standard","meta":{"footnotes":""},"categories":[53],"tags":[],"class_list":["post-15189","post","type-post","status-publish","format-standard","has-post-thumbnail","hentry","category-noticias-generales"],"lang":"es","translations":{"es":15189,"pt":15192},"pll_sync_post":[],"post_mailing_queue_ids":[],"_links":{"self":[{"href":"http:\/\/staging.ibermusicas.org\/index.php\/wp-json\/wp\/v2\/posts\/15189","targetHints":{"allow":["GET"]}}],"collection":[{"href":"http:\/\/staging.ibermusicas.org\/index.php\/wp-json\/wp\/v2\/posts"}],"about":[{"href":"http:\/\/staging.ibermusicas.org\/index.php\/wp-json\/wp\/v2\/types\/post"}],"author":[{"embeddable":true,"href":"http:\/\/staging.ibermusicas.org\/index.php\/wp-json\/wp\/v2\/users\/1"}],"replies":[{"embeddable":true,"href":"http:\/\/staging.ibermusicas.org\/index.php\/wp-json\/wp\/v2\/comments?post=15189"}],"version-history":[{"count":1,"href":"http:\/\/staging.ibermusicas.org\/index.php\/wp-json\/wp\/v2\/posts\/15189\/revisions"}],"predecessor-version":[{"id":15191,"href":"http:\/\/staging.ibermusicas.org\/index.php\/wp-json\/wp\/v2\/posts\/15189\/revisions\/15191"}],"wp:featuredmedia":[{"embeddable":true,"href":"http:\/\/staging.ibermusicas.org\/index.php\/wp-json\/wp\/v2\/media\/15190"}],"wp:attachment":[{"href":"http:\/\/staging.ibermusicas.org\/index.php\/wp-json\/wp\/v2\/media?parent=15189"}],"wp:term":[{"taxonomy":"category","embeddable":true,"href":"http:\/\/staging.ibermusicas.org\/index.php\/wp-json\/wp\/v2\/categories?post=15189"},{"taxonomy":"post_tag","embeddable":true,"href":"http:\/\/staging.ibermusicas.org\/index.php\/wp-json\/wp\/v2\/tags?post=15189"}],"curies":[{"name":"wp","href":"https:\/\/api.w.org\/{rel}","templated":true}]}}