{"id":15192,"date":"2023-04-03T17:48:47","date_gmt":"2023-04-03T17:48:47","guid":{"rendered":"http:\/\/staging.ibermusicas.org\/?p=15192"},"modified":"2023-04-03T17:48:47","modified_gmt":"2023-04-03T17:48:47","slug":"navega-propoe-uma-viagem-pela-musica-do-litoral-da-cuenca-del-plata","status":"publish","type":"post","link":"http:\/\/staging.ibermusicas.org\/index.php\/navega-propoe-uma-viagem-pela-musica-do-litoral-da-cuenca-del-plata\/","title":{"rendered":"Navega, prop\u00f5e uma viagem pela m\u00fasica do litoral da Cuenca del Plata"},"content":{"rendered":"<p>A regi\u00e3o costeira da Cuenca del Plata oferece uma multiplicidade de culturas que transcende os limites territoriais, alimentada por uma pluralidade de imagens, sons e, acima de tudo, a rela\u00e7\u00e3o com a geografia que imp\u00f5em seus rios.<\/p>\n<p>&nbsp;<\/p>\n<p>Navega prop\u00f5e uma forma de viajar na procura e conhecimento desta regi\u00e3o, mergulhando na sua m\u00fasica. Estabelece um percurso poss\u00edvel atrav\u00e9s do cancioneiro representativo, interpretado por jovens m\u00fasicos convidados, que contribu\u00edram com as suas diferentes leituras e propostas. Por meio de entrevistas, apresenta importantes referentes atuais da m\u00fasica, para conhecer sua realidade atual, mergulhar na origem, esp\u00edrito, identidade e tradi\u00e7\u00f5es, fornecendo informa\u00e7\u00f5es sobre autores, letras, estilos e g\u00eaneros, bem como sobre os int\u00e9rpretes mais relevantes no imagin\u00e1rio popular.<\/p>\n<p>&nbsp;<\/p>\n<p>Navega, \u00e9 um ciclo de seis audiovisuais com a participa\u00e7\u00e3o de Jorge Fandermole, Ana Prada, Carlos Aguirre, Antonio Tarrag\u00f3 Ros, Carlos Pino e Cr\u00edspulo Pavetti, juntamente com Yas\u00ed Yater\u00e9 Guitar Trio, Patricia G\u00f3mez Grupo, Las Guitarras Gualeyas, D\u00fao Durand Mansilla- Druetta, Jos\u00e9 \u00abChey\u00bb Ramos e Marcos Montes.<\/p>\n<p>&nbsp;<\/p>\n<p>A partir de 13 de abril, todas as quintas-feiras na tela da UNICANAL.<\/p>\n","protected":false},"excerpt":{"rendered":"<p>A regi\u00e3o costeira da Cuenca del Plata oferece uma multiplicidade de culturas que transcende os limites territoriais, alimentada por uma pluralidade de imagens, sons e, acima de tudo, a rela\u00e7\u00e3o com a geografia que imp\u00f5em seus rios. &nbsp; Navega prop\u00f5e uma forma de viajar na procura e conhecimento desta regi\u00e3o, mergulhando na sua m\u00fasica. Estabelece [&hellip;]<\/p>\n","protected":false},"author":1,"featured_media":15190,"comment_status":"closed","ping_status":"closed","sticky":false,"template":"","format":"standard","meta":{"footnotes":""},"categories":[218],"tags":[],"class_list":["post-15192","post","type-post","status-publish","format-standard","has-post-thumbnail","hentry","category-noticias-generales-pt"],"lang":"pt","translations":{"pt":15192,"es":15189},"pll_sync_post":[],"post_mailing_queue_ids":[],"_links":{"self":[{"href":"http:\/\/staging.ibermusicas.org\/index.php\/wp-json\/wp\/v2\/posts\/15192","targetHints":{"allow":["GET"]}}],"collection":[{"href":"http:\/\/staging.ibermusicas.org\/index.php\/wp-json\/wp\/v2\/posts"}],"about":[{"href":"http:\/\/staging.ibermusicas.org\/index.php\/wp-json\/wp\/v2\/types\/post"}],"author":[{"embeddable":true,"href":"http:\/\/staging.ibermusicas.org\/index.php\/wp-json\/wp\/v2\/users\/1"}],"replies":[{"embeddable":true,"href":"http:\/\/staging.ibermusicas.org\/index.php\/wp-json\/wp\/v2\/comments?post=15192"}],"version-history":[{"count":1,"href":"http:\/\/staging.ibermusicas.org\/index.php\/wp-json\/wp\/v2\/posts\/15192\/revisions"}],"predecessor-version":[{"id":15193,"href":"http:\/\/staging.ibermusicas.org\/index.php\/wp-json\/wp\/v2\/posts\/15192\/revisions\/15193"}],"wp:featuredmedia":[{"embeddable":true,"href":"http:\/\/staging.ibermusicas.org\/index.php\/wp-json\/wp\/v2\/media\/15190"}],"wp:attachment":[{"href":"http:\/\/staging.ibermusicas.org\/index.php\/wp-json\/wp\/v2\/media?parent=15192"}],"wp:term":[{"taxonomy":"category","embeddable":true,"href":"http:\/\/staging.ibermusicas.org\/index.php\/wp-json\/wp\/v2\/categories?post=15192"},{"taxonomy":"post_tag","embeddable":true,"href":"http:\/\/staging.ibermusicas.org\/index.php\/wp-json\/wp\/v2\/tags?post=15192"}],"curies":[{"name":"wp","href":"https:\/\/api.w.org\/{rel}","templated":true}]}}