{"id":15194,"date":"2023-04-03T17:52:55","date_gmt":"2023-04-03T17:52:55","guid":{"rendered":"http:\/\/staging.ibermusicas.org\/?p=15194"},"modified":"2023-05-02T17:45:38","modified_gmt":"2023-05-02T17:45:38","slug":"la-agrupacion-encanto-al-alma-de-uruguay-lleva-a-mexico-su-propuesta-de-musica-para-la-infancia-y-la-familia","status":"publish","type":"post","link":"http:\/\/staging.ibermusicas.org\/index.php\/la-agrupacion-encanto-al-alma-de-uruguay-lleva-a-mexico-su-propuesta-de-musica-para-la-infancia-y-la-familia\/","title":{"rendered":"La agrupaci\u00f3n Encanto al Alma de Uruguay lleva a M\u00e9xico su propuesta de m\u00fasica para la infancia y la familia"},"content":{"rendered":"<p>Encanto al Alma (Uruguay) es una propuesta art\u00edstica de canciones y espect\u00e1culos para ni\u00f1os, ni\u00f1as, sus familias y educadores. Con cuatro \u00e1lbumes editados, gran cantidad de videos y canciones entre ellas la canci\u00f3n \u201cEl Abrazo\u201d que cobro\u0301 gran protagonismo en los a\u00f1os de pandemia acompan\u0303ando a las infancias y familias de toda la regi\u00f3n; la propuesta se torn\u00f3 referente en hogares e instituciones de primera infancia.<\/p>\n<p>&nbsp;<\/p>\n<p>Encanto al Alma es una propuesta art\u00edstica de Uruguay, de canciones para toda la familia. Desde el 2005 la propuesta est\u00e1 enfocada en llevar a los ni\u00f1os y las ni\u00f1as canciones y espect\u00e1culos que respeten su sensibilidad y que generen climas de alegr\u00eda, juego, baile as\u00ed como momentos en los que la sonoridad se vuelve muy sutil, generando un hilo conductor coherente y cuidado que mantiene la atenci\u00f3n de los ni\u00f1os y ni\u00f1as desde el inter\u00e9s y la afectividad.<\/p>\n<p>&nbsp;<\/p>\n<p>Las presentaciones est\u00e1n dirigidas a ni\u00f1os y ni\u00f1as de 1 a 10 a\u00f1os de edad. Mediante el arte esc\u00e9nico y la m\u00fasica se potencian valores como el cuidado del medio ambiente, el aprender la magia de estar \u201cen calma\u201d, la importancia de nutrirnos de cuentos y canciones y el valor de los gestos amables y sentidos como darnos un buen abrazo.<\/p>\n<p>&nbsp;<\/p>\n<p>Encanto al Alma cuenta con cuatro discos editados, Somos Arcoiris (2011), Magia de la Tierra (2014), La Tierra de los Cuentos (2017), Encanto de Nuestra Tierra (2022) y 1 CD\/DVD de espect\u00e1culo en vivo El Viaje de la Semilla (2015).<\/p>\n<p>&nbsp;<\/p>\n<p>La agrupaci\u00f3n est\u00e1 conformada por Leticia Passeggi en composici\u00f3n, voz y direcci\u00f3n general; Agust\u00edn Al\u00e9n en guitarra y voz; Daniel Bentancur en\u00a0 bater\u00eda, percusi\u00f3n y voz; Virginia Pereyra en guitarra, ukelele y voz Nicole Berenstein en management y producci\u00f3n<\/p>\n<p>&nbsp;<\/p>\n<ul>\n<li>15 de abril, Toluca Festinarte, Festival en Centro Cultural Mexiquense<\/li>\n<li>23 de abril, Auditorio de la Universidad de Puebla<\/li>\n<li>30 de abril en El Museo Infantil de Oaxaca, organizado por la Fundaci\u00f3n Alfredo Harp Hel\u00fa de Oaxaca<\/li>\n<li>1ero de mayo CDMX \u2013 Concierto organizado por la Coordinaci\u00f3n Nacional de Desarrollo Cultural Infantil &#8211; Alas y Ra\u00edces de la Secretar\u00eda de Cultura. Gobierno de M\u00e9xico<\/li>\n<\/ul>\n<p><em>\u00a0<\/em><\/p>\n","protected":false},"excerpt":{"rendered":"<p>Encanto al Alma (Uruguay) es una propuesta art\u00edstica de canciones y espect\u00e1culos para ni\u00f1os, ni\u00f1as, sus familias y educadores. Con cuatro \u00e1lbumes editados, gran cantidad de videos y canciones entre ellas la canci\u00f3n \u201cEl Abrazo\u201d que cobro\u0301 gran protagonismo en los a\u00f1os de pandemia acompan\u0303ando a las infancias y familias de toda la regi\u00f3n; la [&hellip;]<\/p>\n","protected":false},"author":1,"featured_media":15195,"comment_status":"closed","ping_status":"closed","sticky":false,"template":"","format":"standard","meta":{"footnotes":""},"categories":[53],"tags":[],"class_list":["post-15194","post","type-post","status-publish","format-standard","has-post-thumbnail","hentry","category-noticias-generales"],"lang":"es","translations":{"es":15194,"pt":15197},"pll_sync_post":[],"post_mailing_queue_ids":[],"_links":{"self":[{"href":"http:\/\/staging.ibermusicas.org\/index.php\/wp-json\/wp\/v2\/posts\/15194","targetHints":{"allow":["GET"]}}],"collection":[{"href":"http:\/\/staging.ibermusicas.org\/index.php\/wp-json\/wp\/v2\/posts"}],"about":[{"href":"http:\/\/staging.ibermusicas.org\/index.php\/wp-json\/wp\/v2\/types\/post"}],"author":[{"embeddable":true,"href":"http:\/\/staging.ibermusicas.org\/index.php\/wp-json\/wp\/v2\/users\/1"}],"replies":[{"embeddable":true,"href":"http:\/\/staging.ibermusicas.org\/index.php\/wp-json\/wp\/v2\/comments?post=15194"}],"version-history":[{"count":1,"href":"http:\/\/staging.ibermusicas.org\/index.php\/wp-json\/wp\/v2\/posts\/15194\/revisions"}],"predecessor-version":[{"id":15196,"href":"http:\/\/staging.ibermusicas.org\/index.php\/wp-json\/wp\/v2\/posts\/15194\/revisions\/15196"}],"wp:featuredmedia":[{"embeddable":true,"href":"http:\/\/staging.ibermusicas.org\/index.php\/wp-json\/wp\/v2\/media\/15195"}],"wp:attachment":[{"href":"http:\/\/staging.ibermusicas.org\/index.php\/wp-json\/wp\/v2\/media?parent=15194"}],"wp:term":[{"taxonomy":"category","embeddable":true,"href":"http:\/\/staging.ibermusicas.org\/index.php\/wp-json\/wp\/v2\/categories?post=15194"},{"taxonomy":"post_tag","embeddable":true,"href":"http:\/\/staging.ibermusicas.org\/index.php\/wp-json\/wp\/v2\/tags?post=15194"}],"curies":[{"name":"wp","href":"https:\/\/api.w.org\/{rel}","templated":true}]}}