{"id":15197,"date":"2023-04-03T17:54:22","date_gmt":"2023-04-03T17:54:22","guid":{"rendered":"http:\/\/staging.ibermusicas.org\/?p=15197"},"modified":"2023-05-02T17:48:35","modified_gmt":"2023-05-02T17:48:35","slug":"o-grupo-encanto-al-alma-do-uruguai-leva-sua-proposta-musical-para-criancas-e-familia-ao-mexico","status":"publish","type":"post","link":"http:\/\/staging.ibermusicas.org\/index.php\/o-grupo-encanto-al-alma-do-uruguai-leva-sua-proposta-musical-para-criancas-e-familia-ao-mexico\/","title":{"rendered":"O grupo Encanto al Alma do Uruguai leva sua proposta musical para crian\u00e7as e fam\u00edlia ao M\u00e9xico"},"content":{"rendered":"<p>Encanto al Alma (Uruguai) \u00e9 uma proposta art\u00edstica de can\u00e7\u00f5es e espet\u00e1culos para crian\u00e7as, suas fam\u00edlias e educadores. Com quatro discos lan\u00e7ados, um grande n\u00famero de v\u00eddeos e m\u00fasicas, entre elas a m\u00fasica \u201cEl Abrazo\u201d que ganhou grande destaque nos anos da pandemia, acompanhando crian\u00e7as e fam\u00edlias de toda a regi\u00e3o; a proposta se tornou refer\u00eancia em lares e institui\u00e7\u00f5es de primeira inf\u00e2ncia.<\/p>\n<p>&nbsp;<\/p>\n<p>Encanto al Alma \u00e9 uma proposta art\u00edstica do Uruguai, de can\u00e7\u00f5es para toda a fam\u00edlia. Desde 2005, a proposta tem como foco trazer para meninos e meninas can\u00e7\u00f5es e espet\u00e1culos que respeitem sua sensibilidade e que gerem climas de alegria, brincadeira, dan\u00e7a, al\u00e9m de momentos em que o som se torna muito sutil, gerando um fio condutor coerente e cuidado que mant\u00e9m a aten\u00e7\u00e3o dos meninos e meninas do interesse e afetividade.<\/p>\n<p>&nbsp;<\/p>\n<p>As apresenta\u00e7\u00f5es s\u00e3o destinadas a meninos e meninas de 1 a 10 anos de idade. Atrav\u00e9s da arte c\u00eanica e da m\u00fasica, valores como o cuidado com o meio ambiente, aprendendo a magia de ser \u00abtranquilo\u00bb, a import\u00e2ncia de nos alimentarmos de hist\u00f3rias e can\u00e7\u00f5es e o valor de gestos gentis e sinceros como dar um bom abra\u00e7o s\u00e3o promovidos.<\/p>\n<p>Encanto al Alma lan\u00e7ou quatro \u00e1lbuns, Somos Arcoiris (2011), Magia de la Tierra (2014), La Tierra de los Cuentos (2017), Encanto de Nuestra Tierra (2022) e 1 CD\/DVD do show ao vivo El Viaje de la Semilla (2015).<\/p>\n<p>&nbsp;<\/p>\n<p>O grupo \u00e9 formado por Leticia Passeggi em composi\u00e7\u00e3o, voz e dire\u00e7\u00e3o geral; Agust\u00edn Al\u00e9n em guitarra e voz; Daniel Bentancur em bateria, percuss\u00e3o e voz; Virginia Pereyra em guitarra, ukulele e voz e Nicole Berensteinem em dire\u00e7\u00e3o e produ\u00e7\u00e3o.<\/p>\n<p>&nbsp;<\/p>\n<ul>\n<li>15 de abril, Toluca Festinarte, Festival no Centro Cultural Mexicano<\/li>\n<li>23 de abril, Audit\u00f3rio da Universidade de Puebla<\/li>\n<li>30 de abril no Museu Infantil de Oaxaca, organizado pela Funda\u00e7\u00e3o Alfredo Harp Hel\u00fa de Oaxaca<\/li>\n<\/ul>\n<p>1\u00ba de maio CDMX \u2013 Concerto organizado pela Coordena\u00e7\u00e3o de Desenvolvimento Nacional Cultural Infantil &#8211; Man\u00edpulos e Ra\u00edzes do Minist\u00e9rio da Cultura. Governo do M\u00e9xico<\/p>\n<p><em>\u00a0<\/em><\/p>\n","protected":false},"excerpt":{"rendered":"<p>Encanto al Alma (Uruguai) \u00e9 uma proposta art\u00edstica de can\u00e7\u00f5es e espet\u00e1culos para crian\u00e7as, suas fam\u00edlias e educadores. Com quatro discos lan\u00e7ados, um grande n\u00famero de v\u00eddeos e m\u00fasicas, entre elas a m\u00fasica \u201cEl Abrazo\u201d que ganhou grande destaque nos anos da pandemia, acompanhando crian\u00e7as e fam\u00edlias de toda a regi\u00e3o; a proposta se tornou [&hellip;]<\/p>\n","protected":false},"author":1,"featured_media":15195,"comment_status":"closed","ping_status":"closed","sticky":false,"template":"","format":"standard","meta":{"footnotes":""},"categories":[218],"tags":[],"class_list":["post-15197","post","type-post","status-publish","format-standard","has-post-thumbnail","hentry","category-noticias-generales-pt"],"lang":"pt","translations":{"pt":15197,"es":15194},"pll_sync_post":[],"post_mailing_queue_ids":[],"_links":{"self":[{"href":"http:\/\/staging.ibermusicas.org\/index.php\/wp-json\/wp\/v2\/posts\/15197","targetHints":{"allow":["GET"]}}],"collection":[{"href":"http:\/\/staging.ibermusicas.org\/index.php\/wp-json\/wp\/v2\/posts"}],"about":[{"href":"http:\/\/staging.ibermusicas.org\/index.php\/wp-json\/wp\/v2\/types\/post"}],"author":[{"embeddable":true,"href":"http:\/\/staging.ibermusicas.org\/index.php\/wp-json\/wp\/v2\/users\/1"}],"replies":[{"embeddable":true,"href":"http:\/\/staging.ibermusicas.org\/index.php\/wp-json\/wp\/v2\/comments?post=15197"}],"version-history":[{"count":1,"href":"http:\/\/staging.ibermusicas.org\/index.php\/wp-json\/wp\/v2\/posts\/15197\/revisions"}],"predecessor-version":[{"id":15198,"href":"http:\/\/staging.ibermusicas.org\/index.php\/wp-json\/wp\/v2\/posts\/15197\/revisions\/15198"}],"wp:featuredmedia":[{"embeddable":true,"href":"http:\/\/staging.ibermusicas.org\/index.php\/wp-json\/wp\/v2\/media\/15195"}],"wp:attachment":[{"href":"http:\/\/staging.ibermusicas.org\/index.php\/wp-json\/wp\/v2\/media?parent=15197"}],"wp:term":[{"taxonomy":"category","embeddable":true,"href":"http:\/\/staging.ibermusicas.org\/index.php\/wp-json\/wp\/v2\/categories?post=15197"},{"taxonomy":"post_tag","embeddable":true,"href":"http:\/\/staging.ibermusicas.org\/index.php\/wp-json\/wp\/v2\/tags?post=15197"}],"curies":[{"name":"wp","href":"https:\/\/api.w.org\/{rel}","templated":true}]}}