{"id":15199,"date":"2023-04-03T17:55:57","date_gmt":"2023-04-03T17:55:57","guid":{"rendered":"http:\/\/staging.ibermusicas.org\/?p=15199"},"modified":"2023-04-03T17:55:57","modified_gmt":"2023-04-03T17:55:57","slug":"el-acordeonista-chileno-matias-andres-rojas-guajardo-comienza-su-perfeccionamiento-en-el-acordeon-y-la-musica-instrumental-brasilena-con-el-maestro-tonhinho-ferragutti","status":"publish","type":"post","link":"http:\/\/staging.ibermusicas.org\/index.php\/el-acordeonista-chileno-matias-andres-rojas-guajardo-comienza-su-perfeccionamiento-en-el-acordeon-y-la-musica-instrumental-brasilena-con-el-maestro-tonhinho-ferragutti\/","title":{"rendered":"El acordeonista chileno Mat\u00edas Andr\u00e9s Rojas Guajardo comienza su perfeccionamiento en el acorde\u00f3n y la m\u00fasica instrumental brasile\u00f1a con el maestro Tonhinho Ferragutti"},"content":{"rendered":"<p>El curso con el maestro Toninho Ferragutti, pronto a realizarse en Brasil, ciudad de Sao Paulo, durante el periodo de abril hasta octubre del a\u00f1o 2023, tiene como objetivo perfeccionar conocimientos del acorde\u00f3n en general, focalizado en la m\u00fasica instrumental brasile\u00f1a, en los \u00e1mbitos de t\u00e9cnica, improvisaci\u00f3n\/interpretaci\u00f3n\/composici\u00f3n y en la pedagog\u00eda del mismo.<\/p>\n<p>&nbsp;<\/p>\n<p>Ya de regreso en Chile Mat\u00edas Andr\u00e9s Rojas Guajardo brindar\u00e1 en el Instituto Chileno del Acorde\u00f3n un taller te\u00f3rico-pr\u00e1ctico denominado \u00abTaller de Acorde\u00f3n Brasilero &#8211; estudios de mecanismo\u00bb. Tambi\u00e9n habr\u00e1 una segunda actividad que ser\u00e1 una \u201cRoda de Choro\u201d, encuentro musical t\u00edpico en Brasil en d\u00f3nde se compartir\u00e1 lo aprendido y se generar\u00e1 un lazo entre la comunidad brasile\u00f1a y los m\u00fasicos de Chile.<\/p>\n<p>&nbsp;<\/p>\n<p>El profesor Antonio de Padua Ferragutti, m\u00e1s conocido como Toninho Ferragutti, es uno de los acordeonistas m\u00e1s reconocidos hoy en d\u00eda en Brasil y a nivel mundial, se desarrolla tambi\u00e9n como compositor, arreglista y educador. Ferragutti cuenta con 15 CD solistas. Tambi\u00e9n ha participado en grabaciones y conciertos junto a grandes referentes musicales a nivel mundial como Gilberto Gil, Sivuca, Dominguinhos, Oswaldinho do Acordeon, Lenine, Paulo Moura, Marisa Monte, Elza Soares, Dori Caymmi, Joyce, Nelson Ayres, Hermeto Pascoal, entre otros.<\/p>\n<p>&nbsp;<\/p>\n<p>Mat\u00edas Andr\u00e9s Rojas Guajardo inici\u00f3 su formaci\u00f3n en el programa \u00abMUSPOP\u00bb de la Universidad de Chile con el destacado m\u00fasico y profesor Patricio Salazar. Cuenta con una Licenciatura en M\u00fasica de la Universidad Metropolitana de las Ciencias de la Educaci\u00f3n (UMCE), menci\u00f3n en Direcci\u00f3n de Agrupaciones Instrumentales. Acordeonista de oficio. Estudios formales de clarinete con la profesora Lorena Vergara. Particip\u00f3 en la musicalizaci\u00f3n de obras de Circo-Teatro con la compa\u00f1\u00eda \u00abLa Chimbiroca Orquesta Circo\u00bb, ganando el VIII concurso de musicalizaci\u00f3n de poes\u00eda Vicente Bianchi 2021 de la SCD. Investiga y desarrolla en el Acorde\u00f3n estilos\/g\u00e9neros como el Tango, Jazz Manouche, Vals, M\u00fasica Brasilera.<\/p>\n","protected":false},"excerpt":{"rendered":"<p>El curso con el maestro Toninho Ferragutti, pronto a realizarse en Brasil, ciudad de Sao Paulo, durante el periodo de abril hasta octubre del a\u00f1o 2023, tiene como objetivo perfeccionar conocimientos del acorde\u00f3n en general, focalizado en la m\u00fasica instrumental brasile\u00f1a, en los \u00e1mbitos de t\u00e9cnica, improvisaci\u00f3n\/interpretaci\u00f3n\/composici\u00f3n y en la pedagog\u00eda del mismo. &nbsp; Ya [&hellip;]<\/p>\n","protected":false},"author":1,"featured_media":15200,"comment_status":"closed","ping_status":"closed","sticky":false,"template":"","format":"standard","meta":{"footnotes":""},"categories":[53],"tags":[],"class_list":["post-15199","post","type-post","status-publish","format-standard","has-post-thumbnail","hentry","category-noticias-generales"],"lang":"es","translations":{"es":15199,"pt":15202},"pll_sync_post":[],"post_mailing_queue_ids":[],"_links":{"self":[{"href":"http:\/\/staging.ibermusicas.org\/index.php\/wp-json\/wp\/v2\/posts\/15199","targetHints":{"allow":["GET"]}}],"collection":[{"href":"http:\/\/staging.ibermusicas.org\/index.php\/wp-json\/wp\/v2\/posts"}],"about":[{"href":"http:\/\/staging.ibermusicas.org\/index.php\/wp-json\/wp\/v2\/types\/post"}],"author":[{"embeddable":true,"href":"http:\/\/staging.ibermusicas.org\/index.php\/wp-json\/wp\/v2\/users\/1"}],"replies":[{"embeddable":true,"href":"http:\/\/staging.ibermusicas.org\/index.php\/wp-json\/wp\/v2\/comments?post=15199"}],"version-history":[{"count":1,"href":"http:\/\/staging.ibermusicas.org\/index.php\/wp-json\/wp\/v2\/posts\/15199\/revisions"}],"predecessor-version":[{"id":15201,"href":"http:\/\/staging.ibermusicas.org\/index.php\/wp-json\/wp\/v2\/posts\/15199\/revisions\/15201"}],"wp:featuredmedia":[{"embeddable":true,"href":"http:\/\/staging.ibermusicas.org\/index.php\/wp-json\/wp\/v2\/media\/15200"}],"wp:attachment":[{"href":"http:\/\/staging.ibermusicas.org\/index.php\/wp-json\/wp\/v2\/media?parent=15199"}],"wp:term":[{"taxonomy":"category","embeddable":true,"href":"http:\/\/staging.ibermusicas.org\/index.php\/wp-json\/wp\/v2\/categories?post=15199"},{"taxonomy":"post_tag","embeddable":true,"href":"http:\/\/staging.ibermusicas.org\/index.php\/wp-json\/wp\/v2\/tags?post=15199"}],"curies":[{"name":"wp","href":"https:\/\/api.w.org\/{rel}","templated":true}]}}