{"id":15202,"date":"2023-04-03T17:57:22","date_gmt":"2023-04-03T17:57:22","guid":{"rendered":"http:\/\/staging.ibermusicas.org\/?p=15202"},"modified":"2023-04-03T17:57:22","modified_gmt":"2023-04-03T17:57:22","slug":"o-acordeonista-chileno-matias-andres-rojas-guajardo-inicia-a-sua-formacao-em-acordeao-e-musica-instrumental-brasileira-com-o-maestro-tonhinho-ferragutti","status":"publish","type":"post","link":"http:\/\/staging.ibermusicas.org\/index.php\/o-acordeonista-chileno-matias-andres-rojas-guajardo-inicia-a-sua-formacao-em-acordeao-e-musica-instrumental-brasileira-com-o-maestro-tonhinho-ferragutti\/","title":{"rendered":"O acordeonista chileno Mat\u00edas Andr\u00e9s Rojas Guajardo inicia a sua forma\u00e7\u00e3o em acorde\u00e3o e m\u00fasica instrumental brasileira com o maestro Tonhinho Ferragutti"},"content":{"rendered":"<p>O curso com o maestro Toninho Ferragutti, a realizar em breve no Brasil, na cidade de S\u00e3o Paulo, de abril a outubro de 2023, visa melhorar o conhecimento do acorde\u00e3o em geral, centrando-se na m\u00fasica instrumental brasileira, nas \u00e1reas da t\u00e9cnica, improvisa\u00e7\u00e3o\/performance\/composi\u00e7\u00e3o e sua pedagogia.<\/p>\n<p>&nbsp;<\/p>\n<p>De regresso ao Chile, Mat\u00edas Andr\u00e9s Rojas Guajardo dar\u00e1 um workshop te\u00f3rico-pr\u00e1tico no Instituto Chileno de Acorde\u00e3o chamado \u00abWorkshop Brasileiro de Acorde\u00e3o &#8211; estudos de mecanismo\u00bb. Haver\u00e1 tamb\u00e9m uma segunda atividade que ser\u00e1 uma \u00abRoda de Choro\u00bb, um encontro musical t\u00edpico no Brasil, onde partilhar\u00e3o o que aprenderam e gerar\u00e3o uma liga\u00e7\u00e3o entre a comunidade brasileira e os m\u00fasicos do Chile.<\/p>\n<p>&nbsp;<\/p>\n<p>O Professor Antonio de Padua Ferragutti, mais conhecido como Toninho Ferragutti, \u00e9 um dos acordeonistas mais reconhecidos hoje em dia no Brasil e no mundo, \u00e9 tamb\u00e9m compositor, arranjador e educador. Ferragutti j\u00e1 lan\u00e7ou 15 CDs a solo. Participou tamb\u00e9m em grava\u00e7\u00f5es e concertos com grandes refer\u00eancias musicais a n\u00edvel mundial, tais como Gilberto Gil, Sivuca, Dominguinhos, Oswaldinho do Acordeon, Lenine, Paulo Moura, Marisa Monte, Elza Soares, Dori Caymmi, Joyce, Nelson Ayres, Hermeto Pascoal, entre outros.<\/p>\n<p>&nbsp;<\/p>\n<p>Mat\u00edas Andr\u00e9s Rojas Guajardo iniciou a sua forma\u00e7\u00e3o no programa MUSPOP na Universidade do Chile com o excelente m\u00fasico e professor Patricio Salazar. \u00c9 licenciado em M\u00fasica pela Universidade Metropolitana de las Ciencias de la Educaci\u00f3n (UMCE), com especializa\u00e7\u00e3o em Condu\u00e7\u00e3o de Ensembles Instrumentais. Acordeonista por profiss\u00e3o. Estudos formais de clarinete com a Professora Lorena Vergara. Participou na musicaliza\u00e7\u00e3o de obras de Circo-Teatro com a companhia \u00abLa Chimbiroca Orquesta Circo\u00bb, tendo ganho o VIII concurso de musicaliza\u00e7\u00e3o de poesia Vicente Bianchi 2021 do SCD. Ele pesquisa e desenvolve sobre os estilos\/g\u00e9nios do acorde\u00e3o como o Tango, Jazz Manouche, Valsa, m\u00fasica brasileira.<\/p>\n","protected":false},"excerpt":{"rendered":"<p>O curso com o maestro Toninho Ferragutti, a realizar em breve no Brasil, na cidade de S\u00e3o Paulo, de abril a outubro de 2023, visa melhorar o conhecimento do acorde\u00e3o em geral, centrando-se na m\u00fasica instrumental brasileira, nas \u00e1reas da t\u00e9cnica, improvisa\u00e7\u00e3o\/performance\/composi\u00e7\u00e3o e sua pedagogia. &nbsp; De regresso ao Chile, Mat\u00edas Andr\u00e9s Rojas Guajardo dar\u00e1 [&hellip;]<\/p>\n","protected":false},"author":1,"featured_media":15200,"comment_status":"closed","ping_status":"closed","sticky":false,"template":"","format":"standard","meta":{"footnotes":""},"categories":[218],"tags":[],"class_list":["post-15202","post","type-post","status-publish","format-standard","has-post-thumbnail","hentry","category-noticias-generales-pt"],"lang":"pt","translations":{"pt":15202,"es":15199},"pll_sync_post":[],"post_mailing_queue_ids":[],"_links":{"self":[{"href":"http:\/\/staging.ibermusicas.org\/index.php\/wp-json\/wp\/v2\/posts\/15202","targetHints":{"allow":["GET"]}}],"collection":[{"href":"http:\/\/staging.ibermusicas.org\/index.php\/wp-json\/wp\/v2\/posts"}],"about":[{"href":"http:\/\/staging.ibermusicas.org\/index.php\/wp-json\/wp\/v2\/types\/post"}],"author":[{"embeddable":true,"href":"http:\/\/staging.ibermusicas.org\/index.php\/wp-json\/wp\/v2\/users\/1"}],"replies":[{"embeddable":true,"href":"http:\/\/staging.ibermusicas.org\/index.php\/wp-json\/wp\/v2\/comments?post=15202"}],"version-history":[{"count":1,"href":"http:\/\/staging.ibermusicas.org\/index.php\/wp-json\/wp\/v2\/posts\/15202\/revisions"}],"predecessor-version":[{"id":15203,"href":"http:\/\/staging.ibermusicas.org\/index.php\/wp-json\/wp\/v2\/posts\/15202\/revisions\/15203"}],"wp:featuredmedia":[{"embeddable":true,"href":"http:\/\/staging.ibermusicas.org\/index.php\/wp-json\/wp\/v2\/media\/15200"}],"wp:attachment":[{"href":"http:\/\/staging.ibermusicas.org\/index.php\/wp-json\/wp\/v2\/media?parent=15202"}],"wp:term":[{"taxonomy":"category","embeddable":true,"href":"http:\/\/staging.ibermusicas.org\/index.php\/wp-json\/wp\/v2\/categories?post=15202"},{"taxonomy":"post_tag","embeddable":true,"href":"http:\/\/staging.ibermusicas.org\/index.php\/wp-json\/wp\/v2\/tags?post=15202"}],"curies":[{"name":"wp","href":"https:\/\/api.w.org\/{rel}","templated":true}]}}