{"id":15204,"date":"2023-04-03T17:58:36","date_gmt":"2023-04-03T17:58:36","guid":{"rendered":"http:\/\/staging.ibermusicas.org\/?p=15204"},"modified":"2023-05-02T17:45:32","modified_gmt":"2023-05-02T17:45:32","slug":"belen-robledo-de-chile-inicia-su-master-en-composicion-de-bandas-sonoras-y-para-medio-audiovisuales-en-la-esmuc-escuela-superior-de-musica-de-cataluna","status":"publish","type":"post","link":"http:\/\/staging.ibermusicas.org\/index.php\/belen-robledo-de-chile-inicia-su-master-en-composicion-de-bandas-sonoras-y-para-medio-audiovisuales-en-la-esmuc-escuela-superior-de-musica-de-cataluna\/","title":{"rendered":"Bel\u00e9n Robledo de Chile inicia su M\u00e1ster en Composici\u00f3n de bandas sonoras y para medio audiovisuales en la ESMUC (Escuela Superior de M\u00fasica de Catalu\u00f1a)"},"content":{"rendered":"<p>La compositora chilena Bel\u00e9n Robledo viaja a Barcelona, Espa\u00f1a para iniciar su M\u00e1ster en Composici\u00f3n de bandas sonoras y para medios audiovisuales.<\/p>\n<p><span style=\"text-decoration: line-through;\">\u00a0<\/span><\/p>\n<p>Bel\u00e9n Robledo es licenciada en M\u00fasica menci\u00f3n Composici\u00f3n de la Universidad Cat\u00f3lica de Chile. Fue estudiante particular de guitarra con los profesores Juan Antonio S\u00e1nchez y Marcelo Troncoso. Su carrera se remonta al a\u00f1o 2010 con tan solo 14 a\u00f1os, momento en el que ingres\u00f3 al Ballet Folcl\u00f3rico de Chile BAFOCHI, donde profundiz\u00f3 en la m\u00fasica de ra\u00edz folcl\u00f3rica de Chile y Latinoam\u00e9rica, como int\u00e9rprete en guitarra y cantante. Posteriormente conoci\u00f3 la m\u00fasica carnavalera de la mano de la Escuela Carnavalera Chinchintirapi\u00e9, como int\u00e9rprete en trompeta y luego como directora musical de la misma, para quienes tambi\u00e9n escribi\u00f3 arreglos musicales para banda de calle. Posteriormente ingres\u00f3 a la Universidad Cat\u00f3lica de Chile a estudiar Composici\u00f3n musical.<\/p>\n<p>&nbsp;<\/p>\n<p>En paralelo a sus estudios universitarios, ligados en su totalidad a la m\u00fasica de tradici\u00f3n escrita y acad\u00e9mica, se desempe\u00f1\u00f3 como m\u00fasico en diversas agrupaciones de m\u00fasica popular, pudiendo adentrarse en variados estilos musicales que han ido nutriendo sus conocimientos y cultura musical a lo largo de los a\u00f1os. En el a\u00f1o 2020 sac\u00f3 a la luz su proyecto solista \u00abRo\u00bb, con el single \u00abno nos dimos cuenta\u00bb, y prepara nuevos lanzamientos para el a\u00f1o 2022.<\/p>\n<p>&nbsp;<\/p>\n<p>Durante el a\u00f1o 2021, en paralelo a la finalizaci\u00f3n de sus estudios universitarios, curs\u00f3 el diplomado \u00abEl arte en su representaci\u00f3n territorial\u00bb ofrecido por la Universidad de Santiago de Chile y Balmaceda Arte Joven, dirigido al \u00e1rea de la gesti\u00f3n cultural. En el mismo per\u00edodo funda y preside la Corporaci\u00f3n Cultural Callejera, instituci\u00f3n que persigue la difusi\u00f3n y rescate de las artes y oficios callejeros y carnavaleros.<\/p>\n","protected":false},"excerpt":{"rendered":"<p>La compositora chilena Bel\u00e9n Robledo viaja a Barcelona, Espa\u00f1a para iniciar su M\u00e1ster en Composici\u00f3n de bandas sonoras y para medios audiovisuales. \u00a0 Bel\u00e9n Robledo es licenciada en M\u00fasica menci\u00f3n Composici\u00f3n de la Universidad Cat\u00f3lica de Chile. Fue estudiante particular de guitarra con los profesores Juan Antonio S\u00e1nchez y Marcelo Troncoso. Su carrera se remonta [&hellip;]<\/p>\n","protected":false},"author":1,"featured_media":15205,"comment_status":"closed","ping_status":"closed","sticky":false,"template":"","format":"standard","meta":{"footnotes":""},"categories":[53],"tags":[],"class_list":["post-15204","post","type-post","status-publish","format-standard","has-post-thumbnail","hentry","category-noticias-generales"],"lang":"es","translations":{"es":15204,"pt":15207},"pll_sync_post":[],"post_mailing_queue_ids":[],"_links":{"self":[{"href":"http:\/\/staging.ibermusicas.org\/index.php\/wp-json\/wp\/v2\/posts\/15204","targetHints":{"allow":["GET"]}}],"collection":[{"href":"http:\/\/staging.ibermusicas.org\/index.php\/wp-json\/wp\/v2\/posts"}],"about":[{"href":"http:\/\/staging.ibermusicas.org\/index.php\/wp-json\/wp\/v2\/types\/post"}],"author":[{"embeddable":true,"href":"http:\/\/staging.ibermusicas.org\/index.php\/wp-json\/wp\/v2\/users\/1"}],"replies":[{"embeddable":true,"href":"http:\/\/staging.ibermusicas.org\/index.php\/wp-json\/wp\/v2\/comments?post=15204"}],"version-history":[{"count":1,"href":"http:\/\/staging.ibermusicas.org\/index.php\/wp-json\/wp\/v2\/posts\/15204\/revisions"}],"predecessor-version":[{"id":15206,"href":"http:\/\/staging.ibermusicas.org\/index.php\/wp-json\/wp\/v2\/posts\/15204\/revisions\/15206"}],"wp:featuredmedia":[{"embeddable":true,"href":"http:\/\/staging.ibermusicas.org\/index.php\/wp-json\/wp\/v2\/media\/15205"}],"wp:attachment":[{"href":"http:\/\/staging.ibermusicas.org\/index.php\/wp-json\/wp\/v2\/media?parent=15204"}],"wp:term":[{"taxonomy":"category","embeddable":true,"href":"http:\/\/staging.ibermusicas.org\/index.php\/wp-json\/wp\/v2\/categories?post=15204"},{"taxonomy":"post_tag","embeddable":true,"href":"http:\/\/staging.ibermusicas.org\/index.php\/wp-json\/wp\/v2\/tags?post=15204"}],"curies":[{"name":"wp","href":"https:\/\/api.w.org\/{rel}","templated":true}]}}