{"id":15207,"date":"2023-04-03T18:00:27","date_gmt":"2023-04-03T18:00:27","guid":{"rendered":"http:\/\/staging.ibermusicas.org\/?p=15207"},"modified":"2023-05-02T17:48:29","modified_gmt":"2023-05-02T17:48:29","slug":"belen-robledo-do-chile-inicia-o-seu-mestrado-em-banda-sonora-e-composicao-audiovisual-na-esmuc-escuela-superior-de-musica-de-catalunya","status":"publish","type":"post","link":"http:\/\/staging.ibermusicas.org\/index.php\/belen-robledo-do-chile-inicia-o-seu-mestrado-em-banda-sonora-e-composicao-audiovisual-na-esmuc-escuela-superior-de-musica-de-catalunya\/","title":{"rendered":"Bel\u00e9n Robledo do Chile inicia o seu Mestrado em Banda Sonora e Composi\u00e7\u00e3o Audiovisual na ESMUC (Escuela Superior de M\u00fasica de Catalunya)"},"content":{"rendered":"<p>A compositora chilena Bel\u00e9n Robledo viaja para Barcelona, Espanha para iniciar o seu mestrado em Trilha Sonora e Composi\u00e7\u00e3o Audiovisual.<\/p>\n<p>&nbsp;<\/p>\n<p>Bel\u00e9n Robledo \u00e9 licenciada em M\u00fasica, men\u00e7\u00e3o em Composi\u00e7\u00e3o, pela Universidade Cat\u00f3lica do Chile. Foi estudante de guitarra privada com os professores Juan Antonio S\u00e1nchez e Marcelo Troncoso. A sua carreira remonta a 2010, quando tinha apenas 14 anos, quando entrou para o Ballet Folcl\u00f3rico de Chile BAFOCHI, onde mergulhou na m\u00fasica popular do Chile e da Am\u00e9rica Latina, como guitarrista e cantora. Mais tarde, conheceu a m\u00fasica carnavalesca atrav\u00e9s da Escuela Carnavalera Chinchintirapi\u00e9, como trompetista e depois como sua directora musical, para quem tamb\u00e9m escreveu arranjos musicais para bandas de rua. Mais tarde, entrou para a Universidade Cat\u00f3lica do Chile para estudar composi\u00e7\u00e3o musical.<\/p>\n<p>&nbsp;<\/p>\n<p>Paralelamente aos seus estudos universit\u00e1rios, ligados inteiramente \u00e0 m\u00fasica de tradi\u00e7\u00e3o escrita e acad\u00e9mica, trabalhou como musicista em v\u00e1rios grupos de m\u00fasica popular, podendo mergulhar em v\u00e1rios estilos musicais que alimentaram os seus conhecimentos e cultura musical ao longo dos anos. Em 2020 lan\u00e7ou o seu projecto a solo \u00abRo\u00bb, com o single \u00abno nos dimos cuenta\u00bb, e est\u00e1 a preparar novos lan\u00e7amentos para 2022.<\/p>\n<p>&nbsp;<\/p>\n<p>Durante o ano 2021, paralelamente \u00e0 conclus\u00e3o dos seus estudos universit\u00e1rios, frequentou o curso de diploma \u00abArte na sua representa\u00e7\u00e3o territorial\u00bb oferecido pela Universidade de Santiago do Chile e Balmaceda Arte Jovem, destinado \u00e0 \u00e1rea da gest\u00e3o cultural. No mesmo per\u00edodo fundou e presidiu \u00e0 Corporaci\u00f3n Cultural Callejera, uma institui\u00e7\u00e3o que procura divulgar e resgatar as artes e of\u00edcios de rua e carnaval.<\/p>\n","protected":false},"excerpt":{"rendered":"<p>A compositora chilena Bel\u00e9n Robledo viaja para Barcelona, Espanha para iniciar o seu mestrado em Trilha Sonora e Composi\u00e7\u00e3o Audiovisual. &nbsp; Bel\u00e9n Robledo \u00e9 licenciada em M\u00fasica, men\u00e7\u00e3o em Composi\u00e7\u00e3o, pela Universidade Cat\u00f3lica do Chile. Foi estudante de guitarra privada com os professores Juan Antonio S\u00e1nchez e Marcelo Troncoso. A sua carreira remonta a 2010, [&hellip;]<\/p>\n","protected":false},"author":1,"featured_media":15205,"comment_status":"closed","ping_status":"closed","sticky":false,"template":"","format":"standard","meta":{"footnotes":""},"categories":[218],"tags":[],"class_list":["post-15207","post","type-post","status-publish","format-standard","has-post-thumbnail","hentry","category-noticias-generales-pt"],"lang":"pt","translations":{"pt":15207,"es":15204},"pll_sync_post":[],"post_mailing_queue_ids":[],"_links":{"self":[{"href":"http:\/\/staging.ibermusicas.org\/index.php\/wp-json\/wp\/v2\/posts\/15207","targetHints":{"allow":["GET"]}}],"collection":[{"href":"http:\/\/staging.ibermusicas.org\/index.php\/wp-json\/wp\/v2\/posts"}],"about":[{"href":"http:\/\/staging.ibermusicas.org\/index.php\/wp-json\/wp\/v2\/types\/post"}],"author":[{"embeddable":true,"href":"http:\/\/staging.ibermusicas.org\/index.php\/wp-json\/wp\/v2\/users\/1"}],"replies":[{"embeddable":true,"href":"http:\/\/staging.ibermusicas.org\/index.php\/wp-json\/wp\/v2\/comments?post=15207"}],"version-history":[{"count":1,"href":"http:\/\/staging.ibermusicas.org\/index.php\/wp-json\/wp\/v2\/posts\/15207\/revisions"}],"predecessor-version":[{"id":15208,"href":"http:\/\/staging.ibermusicas.org\/index.php\/wp-json\/wp\/v2\/posts\/15207\/revisions\/15208"}],"wp:featuredmedia":[{"embeddable":true,"href":"http:\/\/staging.ibermusicas.org\/index.php\/wp-json\/wp\/v2\/media\/15205"}],"wp:attachment":[{"href":"http:\/\/staging.ibermusicas.org\/index.php\/wp-json\/wp\/v2\/media?parent=15207"}],"wp:term":[{"taxonomy":"category","embeddable":true,"href":"http:\/\/staging.ibermusicas.org\/index.php\/wp-json\/wp\/v2\/categories?post=15207"},{"taxonomy":"post_tag","embeddable":true,"href":"http:\/\/staging.ibermusicas.org\/index.php\/wp-json\/wp\/v2\/tags?post=15207"}],"curies":[{"name":"wp","href":"https:\/\/api.w.org\/{rel}","templated":true}]}}