{"id":15245,"date":"2023-04-12T20:56:12","date_gmt":"2023-04-12T20:56:12","guid":{"rendered":"http:\/\/staging.ibermusicas.org\/?p=15245"},"modified":"2023-05-02T17:45:13","modified_gmt":"2023-05-02T17:45:13","slug":"se-abre-la-convocatoria-para-incuba-raiz-2da-edicion","status":"publish","type":"post","link":"http:\/\/staging.ibermusicas.org\/index.php\/se-abre-la-convocatoria-para-incuba-raiz-2da-edicion\/","title":{"rendered":"Se abre la convocatoria para INCUBA RA\u00cdZ 2da Edici\u00f3n"},"content":{"rendered":"<p>La incubadora de proyectos musicales liderados por mujeres, comunidad LGTB y otras disidencias propone formaci\u00f3n en negocios musicales para la circulaci\u00f3n e internacionalizaci\u00f3n.<\/p>\n<p>Luego de su 1era edici\u00f3n en Am\u00e9rica del Sur en 2022, que ha convocado a m\u00e1s de 300 proyectos, INCUBA Ra\u00edz 2\u00b0 edici\u00f3n sigue adelante conectando a Latinoam\u00e9rica con Espa\u00f1a, a trav\u00e9s de un programa de incubaci\u00f3n enfocado en la comercializaci\u00f3n y exportaci\u00f3n de proyectos liderados por mujeres, comunidad LGTB y otras disidencias en la Industria Musical sumando otras disciplinas como las artes del movimiento, artes esc\u00e9nicas sin texto y audiovisual, que exploran el cruce entre est\u00e9ticas, disciplinas contempor\u00e1neas y nuevas tecnolog\u00edas atravesadas por po\u00e9ticas de ra\u00edz.<\/p>\n<p>El principal prop\u00f3sito del INCUBA RA\u00cdZ es desarrollar las propuestas en conjunto con una comunidad que logre impulsar productos, bienes y servicios musicales enriquecidos por otras disciplinas, representativos de la igualdad de g\u00e9nero, estableciendo una fuerte colaboraci\u00f3n y vinculaci\u00f3n que ayude a fortalecer la circulaci\u00f3n, exportaci\u00f3n y comercializaci\u00f3n de estos proyectos.<\/p>\n<p>A trav\u00e9s de una convocatoria abierta y gratuita a artistas residentes en Espa\u00f1a y Argentina, la convocatoria enfoca su propuesta en dos \u00e1reas:<\/p>\n<p>&nbsp;<\/p>\n<ul>\n<li><strong>Formativa<\/strong>, incluyendo tem\u00e1ticas como: el negocio en la Industria Musical, Marketing digital y plataformas de streaming, Marca, Financiamiento, Booking, Producci\u00f3n de giras entre muchos otros.<\/li>\n<li><strong>Comunidad<\/strong> con el fin de lograr sinergias y v\u00ednculos colaborativos centrados en el crecimiento de proyectos y toda actividad que fomente el intercambio y la circulaci\u00f3n entre uno y otro del Atl\u00e1ntico<\/li>\n<\/ul>\n<p>&nbsp;<\/p>\n<p>Organizan: NP Cultura y Asoc. Mujer Ra\u00edz. Colaboradores: Beatriz Ortega Producciones Culturales, Banda Invitada plataforma colaborativa, NOW Comunicaci\u00f3n, Fundaci\u00f3n Premios Ch\u00facaro, UNA Universidad Nac. de Artes. Con el apoyo de: Mecenazgo Ciudad de Buenos Aires, Fundaci\u00f3n Banco Ita\u00fa, Iberm\u00fasicas, Ministerio de Producci\u00f3n de la Pcia. de La Pampa.<\/p>\n<p>&nbsp;<\/p>\n<p>Convocatoria abierta del 17 de abril al 19 de mayo 2023<\/p>\n<p>Aplicar desde: <a href=\"https:\/\/forms.gle\/JB7VW6D8hUiFeqMPA\">https:\/\/forms.gle\/JB7VW6D8hUiFeqMPA<\/a><\/p>\n<p>Informes: coordinacion.incubaraiz@gmail.com<\/p>\n","protected":false},"excerpt":{"rendered":"<p>La incubadora de proyectos musicales liderados por mujeres, comunidad LGTB y otras disidencias propone formaci\u00f3n en negocios musicales para la circulaci\u00f3n e internacionalizaci\u00f3n. Luego de su 1era edici\u00f3n en Am\u00e9rica del Sur en 2022, que ha convocado a m\u00e1s de 300 proyectos, INCUBA Ra\u00edz 2\u00b0 edici\u00f3n sigue adelante conectando a Latinoam\u00e9rica con Espa\u00f1a, a trav\u00e9s [&hellip;]<\/p>\n","protected":false},"author":7,"featured_media":15246,"comment_status":"closed","ping_status":"closed","sticky":false,"template":"","format":"standard","meta":{"footnotes":""},"categories":[53],"tags":[],"class_list":["post-15245","post","type-post","status-publish","format-standard","has-post-thumbnail","hentry","category-noticias-generales"],"lang":"es","translations":{"es":15245,"pt":15248},"pll_sync_post":[],"post_mailing_queue_ids":[],"_links":{"self":[{"href":"http:\/\/staging.ibermusicas.org\/index.php\/wp-json\/wp\/v2\/posts\/15245","targetHints":{"allow":["GET"]}}],"collection":[{"href":"http:\/\/staging.ibermusicas.org\/index.php\/wp-json\/wp\/v2\/posts"}],"about":[{"href":"http:\/\/staging.ibermusicas.org\/index.php\/wp-json\/wp\/v2\/types\/post"}],"author":[{"embeddable":true,"href":"http:\/\/staging.ibermusicas.org\/index.php\/wp-json\/wp\/v2\/users\/7"}],"replies":[{"embeddable":true,"href":"http:\/\/staging.ibermusicas.org\/index.php\/wp-json\/wp\/v2\/comments?post=15245"}],"version-history":[{"count":1,"href":"http:\/\/staging.ibermusicas.org\/index.php\/wp-json\/wp\/v2\/posts\/15245\/revisions"}],"predecessor-version":[{"id":15247,"href":"http:\/\/staging.ibermusicas.org\/index.php\/wp-json\/wp\/v2\/posts\/15245\/revisions\/15247"}],"wp:featuredmedia":[{"embeddable":true,"href":"http:\/\/staging.ibermusicas.org\/index.php\/wp-json\/wp\/v2\/media\/15246"}],"wp:attachment":[{"href":"http:\/\/staging.ibermusicas.org\/index.php\/wp-json\/wp\/v2\/media?parent=15245"}],"wp:term":[{"taxonomy":"category","embeddable":true,"href":"http:\/\/staging.ibermusicas.org\/index.php\/wp-json\/wp\/v2\/categories?post=15245"},{"taxonomy":"post_tag","embeddable":true,"href":"http:\/\/staging.ibermusicas.org\/index.php\/wp-json\/wp\/v2\/tags?post=15245"}],"curies":[{"name":"wp","href":"https:\/\/api.w.org\/{rel}","templated":true}]}}