{"id":15248,"date":"2023-04-12T20:58:16","date_gmt":"2023-04-12T20:58:16","guid":{"rendered":"http:\/\/staging.ibermusicas.org\/?p=15248"},"modified":"2023-05-02T17:48:12","modified_gmt":"2023-05-02T17:48:12","slug":"abre-a-convocatoria-para-incuba-raiz-2a-edicao","status":"publish","type":"post","link":"http:\/\/staging.ibermusicas.org\/index.php\/abre-a-convocatoria-para-incuba-raiz-2a-edicao\/","title":{"rendered":"Abre a convocat\u00f3ria para INCUBA RA\u00cdZ 2\u00aa Edi\u00e7\u00e3o"},"content":{"rendered":"<p>A incubadora de projetos musicais liderados por mulheres, comunidade LGTB e outras dissid\u00eancias prop\u00f5e a forma\u00e7\u00e3o em neg\u00f3cios musicais para circula\u00e7\u00e3o e internacionaliza\u00e7\u00e3o.<\/p>\n<p>&nbsp;<\/p>\n<p>Ap\u00f3s a sua 1\u00aa edi\u00e7\u00e3o na Am\u00e9rica do Sul em 2022, que convocou mais de 300 projetos, a 2\u00aa edi\u00e7\u00e3o da INCUBA Ra\u00edz continua a ligar a Am\u00e9rica Latina \u00e0 Espanha, atrav\u00e9s de um programa de incuba\u00e7\u00e3o focado na comercializa\u00e7\u00e3o e exporta\u00e7\u00e3o de projetos liderados por mulheres, comunidade LGTB e outros dissidentes da Ind\u00fastria Musical, agregando outras disciplinas como artes do movimento, artes c\u00eanicas sem texto e audiovisual, que exploram a intersec\u00e7\u00e3o entre est\u00e9tica, disciplinas contempor\u00e2neas e novas tecnologias atravessadas por po\u00e9ticas de raiz.<\/p>\n<p>&nbsp;<\/p>\n<p>O principal objetivo da INCUBA RA\u00cdZ \u00e9 desenvolver as propostas em conjunto com uma comunidade que consiga promover produtos, bens e servi\u00e7os musicais enriquecidos por outras disciplinas, representativos da igualdade de g\u00e9nero, estabelecendo uma forte colabora\u00e7\u00e3o e liga\u00e7\u00e3o que ajude a fortalecer a circula\u00e7\u00e3o, exporta\u00e7\u00e3o e comercializa\u00e7\u00e3o desses projetos.<\/p>\n<p>&nbsp;<\/p>\n<p>&nbsp;<\/p>\n<p>Atrav\u00e9s de uma chamada aberta e gratuita para artistas residentes na Espa\u00f1a e na Argentina, a chamada concentra sua proposta em duas \u00e1reas:<\/p>\n<p>&nbsp;<\/p>\n<ul>\n<li>Forma\u00e7\u00e3o, incluindo temas como: neg\u00f3cios na ind\u00fastria da m\u00fasica, marketing digital e plataformas de streaming, branding, financiamento, reservas, produ\u00e7\u00e3o de turn\u00ea entre muitos outros.<\/li>\n<li>Comunidade para alcan\u00e7ar sinergias e v\u00ednculos colaborativos focados no crescimento de projetos e qualquer atividade que promova o interc\u00e2mbio e a circula\u00e7\u00e3o entre um e outro do Atl\u00e2ntico<\/li>\n<\/ul>\n<p>&nbsp;<\/p>\n<p>Organiza\u00e7\u00e3o: NP Cultura e Asoc.Mujer Ra\u00edz. Colaboradores: Beatriz Ortega Produ\u00e7\u00f5es Culturais, plataforma colaborativa Banda Convidada, NOW Communication, Funda\u00e7\u00e3o Pr\u00eamios Ch\u00facaro, Universidade Nacional de Artes da UNA. Com o apoio de: Patroc\u00ednio Cidade de Buenos Aires, Funda\u00e7\u00e3o Banco Ita\u00fa, Iberm\u00fasicas, Minist\u00e9rio da Produ\u00e7\u00e3o da Prov\u00edncia de La Pampa.<\/p>\n<p>Chamada aberta de 17 de abril a 19 de maio de 2023<\/p>\n<p>inscreva-se de:<a href=\"https:\/\/forms.gle\/JB7VW6D8hUiFeqMPA\">https:\/\/forms.gle\/JB7VW6D8hUiFeqMPA<\/a><\/p>\n<p>coordinacion.incubaraiz@gmail.com<\/p>\n","protected":false},"excerpt":{"rendered":"<p>A incubadora de projetos musicais liderados por mulheres, comunidade LGTB e outras dissid\u00eancias prop\u00f5e a forma\u00e7\u00e3o em neg\u00f3cios musicais para circula\u00e7\u00e3o e internacionaliza\u00e7\u00e3o. &nbsp; Ap\u00f3s a sua 1\u00aa edi\u00e7\u00e3o na Am\u00e9rica do Sul em 2022, que convocou mais de 300 projetos, a 2\u00aa edi\u00e7\u00e3o da INCUBA Ra\u00edz continua a ligar a Am\u00e9rica Latina \u00e0 Espanha, [&hellip;]<\/p>\n","protected":false},"author":7,"featured_media":15246,"comment_status":"closed","ping_status":"closed","sticky":false,"template":"","format":"standard","meta":{"footnotes":""},"categories":[218],"tags":[],"class_list":["post-15248","post","type-post","status-publish","format-standard","has-post-thumbnail","hentry","category-noticias-generales-pt"],"lang":"pt","translations":{"pt":15248,"es":15245},"pll_sync_post":[],"post_mailing_queue_ids":[],"_links":{"self":[{"href":"http:\/\/staging.ibermusicas.org\/index.php\/wp-json\/wp\/v2\/posts\/15248","targetHints":{"allow":["GET"]}}],"collection":[{"href":"http:\/\/staging.ibermusicas.org\/index.php\/wp-json\/wp\/v2\/posts"}],"about":[{"href":"http:\/\/staging.ibermusicas.org\/index.php\/wp-json\/wp\/v2\/types\/post"}],"author":[{"embeddable":true,"href":"http:\/\/staging.ibermusicas.org\/index.php\/wp-json\/wp\/v2\/users\/7"}],"replies":[{"embeddable":true,"href":"http:\/\/staging.ibermusicas.org\/index.php\/wp-json\/wp\/v2\/comments?post=15248"}],"version-history":[{"count":1,"href":"http:\/\/staging.ibermusicas.org\/index.php\/wp-json\/wp\/v2\/posts\/15248\/revisions"}],"predecessor-version":[{"id":15249,"href":"http:\/\/staging.ibermusicas.org\/index.php\/wp-json\/wp\/v2\/posts\/15248\/revisions\/15249"}],"wp:featuredmedia":[{"embeddable":true,"href":"http:\/\/staging.ibermusicas.org\/index.php\/wp-json\/wp\/v2\/media\/15246"}],"wp:attachment":[{"href":"http:\/\/staging.ibermusicas.org\/index.php\/wp-json\/wp\/v2\/media?parent=15248"}],"wp:term":[{"taxonomy":"category","embeddable":true,"href":"http:\/\/staging.ibermusicas.org\/index.php\/wp-json\/wp\/v2\/categories?post=15248"},{"taxonomy":"post_tag","embeddable":true,"href":"http:\/\/staging.ibermusicas.org\/index.php\/wp-json\/wp\/v2\/tags?post=15248"}],"curies":[{"name":"wp","href":"https:\/\/api.w.org\/{rel}","templated":true}]}}