{"id":15250,"date":"2023-04-12T21:06:55","date_gmt":"2023-04-12T21:06:55","guid":{"rendered":"http:\/\/staging.ibermusicas.org\/?p=15250"},"modified":"2023-05-02T17:45:06","modified_gmt":"2023-05-02T17:45:06","slug":"la-joven-cantante-chilena-islena-antumalen-participara-del-foro-indie-rocks-en-la-ciudad-de-mexico","status":"publish","type":"post","link":"http:\/\/staging.ibermusicas.org\/index.php\/la-joven-cantante-chilena-islena-antumalen-participara-del-foro-indie-rocks-en-la-ciudad-de-mexico\/","title":{"rendered":"La joven cantante chilena Isle\u00f1a Antumalen participar\u00e1 del Foro Indie Rocks en la ciudad de M\u00e9xico"},"content":{"rendered":"<p>Isle\u00f1a Antumalen es una joven mapuche Huilliche de 24 a\u00f1os oriunda de la Isla Huapi, comunidad ind\u00edgena que est\u00e1 ubicada en el coraz\u00f3n del Lago Ranco al sur de Chile. El a\u00f1o 2019 comienza su carrera musical realizando rap contestatario con letras en mapuzung\u00fan (su idioma originario) el a\u00f1o 2020 comienza a tocar con su banda, donde destacan m\u00fasicos de Jazz, saxofonista, flauta traversa, mezcla en vivo y bailarina con performance en vivo.<\/p>\n<p>&nbsp;<\/p>\n<p>Tomando las tem\u00e1ticas de la descolonizaci\u00f3n, y la reivindicaci\u00f3n de la mujer ind\u00edgena su ra\u00edz originaria y nuevas propuestas musicales en un viaje a trav\u00e9s del jazz, el rap, el soul y el dembow. Actualmente se encuentra trabajando en su primer disco \u201c\u00d1a\u00f1a Rapea\u201d para lanzarlo el a\u00f1o 2023 por el sello sure\u00f1o \u201cDiscos Tue Tue\u201d.<\/p>\n<p>&nbsp;<\/p>\n<p>Isle\u00f1a Antumalen presenta una propuesta art\u00edstica y musical que pone como elemento central el ser mujer mapuche con todas las luchas y desaf\u00edos que eso significa en el mundo actual, sobre todo dentro de la escena musical chilena donde las brechas de g\u00e9nero y culturales todav\u00eda calan profundo.<\/p>\n<p>&nbsp;<\/p>\n<p>23 de abril en el\u00a0 Foro Indie Rocks en la ciudad de M\u00e9xico<\/p>\n","protected":false},"excerpt":{"rendered":"<p>Isle\u00f1a Antumalen es una joven mapuche Huilliche de 24 a\u00f1os oriunda de la Isla Huapi, comunidad ind\u00edgena que est\u00e1 ubicada en el coraz\u00f3n del Lago Ranco al sur de Chile. El a\u00f1o 2019 comienza su carrera musical realizando rap contestatario con letras en mapuzung\u00fan (su idioma originario) el a\u00f1o 2020 comienza a tocar con su [&hellip;]<\/p>\n","protected":false},"author":7,"featured_media":15251,"comment_status":"closed","ping_status":"closed","sticky":false,"template":"","format":"standard","meta":{"footnotes":""},"categories":[53],"tags":[],"class_list":["post-15250","post","type-post","status-publish","format-standard","has-post-thumbnail","hentry","category-noticias-generales"],"lang":"es","translations":{"es":15250,"pt":15253},"pll_sync_post":[],"post_mailing_queue_ids":[],"_links":{"self":[{"href":"http:\/\/staging.ibermusicas.org\/index.php\/wp-json\/wp\/v2\/posts\/15250","targetHints":{"allow":["GET"]}}],"collection":[{"href":"http:\/\/staging.ibermusicas.org\/index.php\/wp-json\/wp\/v2\/posts"}],"about":[{"href":"http:\/\/staging.ibermusicas.org\/index.php\/wp-json\/wp\/v2\/types\/post"}],"author":[{"embeddable":true,"href":"http:\/\/staging.ibermusicas.org\/index.php\/wp-json\/wp\/v2\/users\/7"}],"replies":[{"embeddable":true,"href":"http:\/\/staging.ibermusicas.org\/index.php\/wp-json\/wp\/v2\/comments?post=15250"}],"version-history":[{"count":1,"href":"http:\/\/staging.ibermusicas.org\/index.php\/wp-json\/wp\/v2\/posts\/15250\/revisions"}],"predecessor-version":[{"id":15252,"href":"http:\/\/staging.ibermusicas.org\/index.php\/wp-json\/wp\/v2\/posts\/15250\/revisions\/15252"}],"wp:featuredmedia":[{"embeddable":true,"href":"http:\/\/staging.ibermusicas.org\/index.php\/wp-json\/wp\/v2\/media\/15251"}],"wp:attachment":[{"href":"http:\/\/staging.ibermusicas.org\/index.php\/wp-json\/wp\/v2\/media?parent=15250"}],"wp:term":[{"taxonomy":"category","embeddable":true,"href":"http:\/\/staging.ibermusicas.org\/index.php\/wp-json\/wp\/v2\/categories?post=15250"},{"taxonomy":"post_tag","embeddable":true,"href":"http:\/\/staging.ibermusicas.org\/index.php\/wp-json\/wp\/v2\/tags?post=15250"}],"curies":[{"name":"wp","href":"https:\/\/api.w.org\/{rel}","templated":true}]}}