{"id":15253,"date":"2023-04-12T21:10:17","date_gmt":"2023-04-12T21:10:17","guid":{"rendered":"http:\/\/staging.ibermusicas.org\/?p=15253"},"modified":"2023-05-02T17:48:06","modified_gmt":"2023-05-02T17:48:06","slug":"a-jovem-cantora-chilena-islena-antumalen-participara-do-indie-rocks-forum-na-cidade-do-mexico","status":"publish","type":"post","link":"http:\/\/staging.ibermusicas.org\/index.php\/a-jovem-cantora-chilena-islena-antumalen-participara-do-indie-rocks-forum-na-cidade-do-mexico\/","title":{"rendered":"A jovem cantora chilena Isle\u00f1a Antumalen participar\u00e1 do Indie Rocks Forum na Cidade do M\u00e9xico"},"content":{"rendered":"<p>Isle\u00f1a Antumalen \u00e9 uma jovem mapuche Huilliche de 24 anos da Isla Huapi, uma comunidade ind\u00edgena localizada no cora\u00e7\u00e3o do Lago Ranco, no sul do Chile. Em 2019 iniciou a sua carreira musical realizando rap rebelde com letras em mapuzung\u00fan (sua l\u00edngua nativa) em 2020 come\u00e7ou a tocar com a sua banda, onde se destacam m\u00fasicos de jazz, saxofonista, flauta transversal, mixagem ao vivo e bailarina com performance ao vivo.<\/p>\n<p>&nbsp;<\/p>\n<p>Levando os temas da descoloniza\u00e7\u00e3o e da reivindica\u00e7\u00e3o da mulher ind\u00edgena \u00e0s suas ra\u00edzes originais e novas propostas musicais numa viagem pelo jazz, rap, soul e dembow. Atualmente est\u00e1 trabalhando em seu primeiro \u00e1lbum \u00ab\u00d1a\u00f1a Rapea\u00bb a ser lan\u00e7ado em 2023 pela gravadora sulista \u00abDiscos Tue Tue\u00bb.<\/p>\n<p>&nbsp;<\/p>\n<p>Isle\u00f1a Antumalen apresenta uma proposta art\u00edstica e musical que coloca como elemento central ser mulher mapuche, com todas as lutas e desafios que isso significa no mundo de hoje, especialmente no cen\u00e1rio musical chileno, onde ainda s\u00e3o profundas as lacunas de g\u00eanero e cultura.<\/p>\n<p>&nbsp;<\/p>\n<p>23 de abril no Indie Rocks Forum na Cidade do M\u00e9xico<\/p>\n","protected":false},"excerpt":{"rendered":"<p>Isle\u00f1a Antumalen \u00e9 uma jovem mapuche Huilliche de 24 anos da Isla Huapi, uma comunidade ind\u00edgena localizada no cora\u00e7\u00e3o do Lago Ranco, no sul do Chile. Em 2019 iniciou a sua carreira musical realizando rap rebelde com letras em mapuzung\u00fan (sua l\u00edngua nativa) em 2020 come\u00e7ou a tocar com a sua banda, onde se destacam [&hellip;]<\/p>\n","protected":false},"author":7,"featured_media":15251,"comment_status":"closed","ping_status":"closed","sticky":false,"template":"","format":"standard","meta":{"footnotes":""},"categories":[218],"tags":[],"class_list":["post-15253","post","type-post","status-publish","format-standard","has-post-thumbnail","hentry","category-noticias-generales-pt"],"lang":"pt","translations":{"pt":15253,"es":15250},"pll_sync_post":[],"post_mailing_queue_ids":[],"_links":{"self":[{"href":"http:\/\/staging.ibermusicas.org\/index.php\/wp-json\/wp\/v2\/posts\/15253","targetHints":{"allow":["GET"]}}],"collection":[{"href":"http:\/\/staging.ibermusicas.org\/index.php\/wp-json\/wp\/v2\/posts"}],"about":[{"href":"http:\/\/staging.ibermusicas.org\/index.php\/wp-json\/wp\/v2\/types\/post"}],"author":[{"embeddable":true,"href":"http:\/\/staging.ibermusicas.org\/index.php\/wp-json\/wp\/v2\/users\/7"}],"replies":[{"embeddable":true,"href":"http:\/\/staging.ibermusicas.org\/index.php\/wp-json\/wp\/v2\/comments?post=15253"}],"version-history":[{"count":1,"href":"http:\/\/staging.ibermusicas.org\/index.php\/wp-json\/wp\/v2\/posts\/15253\/revisions"}],"predecessor-version":[{"id":15254,"href":"http:\/\/staging.ibermusicas.org\/index.php\/wp-json\/wp\/v2\/posts\/15253\/revisions\/15254"}],"wp:featuredmedia":[{"embeddable":true,"href":"http:\/\/staging.ibermusicas.org\/index.php\/wp-json\/wp\/v2\/media\/15251"}],"wp:attachment":[{"href":"http:\/\/staging.ibermusicas.org\/index.php\/wp-json\/wp\/v2\/media?parent=15253"}],"wp:term":[{"taxonomy":"category","embeddable":true,"href":"http:\/\/staging.ibermusicas.org\/index.php\/wp-json\/wp\/v2\/categories?post=15253"},{"taxonomy":"post_tag","embeddable":true,"href":"http:\/\/staging.ibermusicas.org\/index.php\/wp-json\/wp\/v2\/tags?post=15253"}],"curies":[{"name":"wp","href":"https:\/\/api.w.org\/{rel}","templated":true}]}}