{"id":15255,"date":"2023-04-12T21:12:52","date_gmt":"2023-04-12T21:12:52","guid":{"rendered":"http:\/\/staging.ibermusicas.org\/?p=15255"},"modified":"2023-05-02T17:44:56","modified_gmt":"2023-05-02T17:44:56","slug":"jopoi-musical-presenta-el-video-blog-tour-corredor-cultural-litoral-argentino-paraguay","status":"publish","type":"post","link":"http:\/\/staging.ibermusicas.org\/index.php\/jopoi-musical-presenta-el-video-blog-tour-corredor-cultural-litoral-argentino-paraguay\/","title":{"rendered":"Jopoi Musical presenta el video blog \u201cTour Corredor Cultural Litoral Argentino &#8211; Paraguay\u201d"},"content":{"rendered":"<p>Jopoi Musical es un colectivo de activismo cultural que se propone contribuir a la construcci\u00f3n, profesionalizaci\u00f3n y visibilizaci\u00f3n de la diversidad musical iberoamericana, su heterogeneidad de metodolog\u00edas, saberes y haceres dentro de la regi\u00f3n.<\/p>\n<p>&nbsp;<\/p>\n<p>M\u00fasicxs y gestores regionales habitan un corredor cultural que une a las ciudades de Resistencia \/ Colonia Benitez \/ Herradura \/ Formosa \/ Asunci\u00f3n \/ Aregu\u00e1. Desde Buenos Aires parte una pareja de m\u00fasicxs con el objetivo de conocerlo y registrarlo.<\/p>\n<p>&nbsp;<\/p>\n<p>El contenido generado en esta recorrida busca mostrar el paisaje de gesti\u00f3n de la regi\u00f3n destacando espacios, referentes y cronogramas a fin de generar un mapeo de estos territorios. Fomentar el di\u00e1logo interregional, generar una noci\u00f3n de cercan\u00eda y documentar las experiencias de vinculaci\u00f3n en el circuito cultural del Litoral argentino y Paraguay.<\/p>\n<p>&nbsp;<\/p>\n<p>Durante la primera semana de diciembre se realiz\u00f3 este viaje creando un registro audiovisual con el objetivo de obtener un mapeo cultural de este corredor.<\/p>\n<p>&nbsp;<\/p>\n<p>El contenido generado durante el viaje es la base para un audiovisual en formato de \u00abvideo blog\u00bb. Cada cap\u00edtulo incluye: un saber sobre gesti\u00f3n musical, una residencia art\u00edstica \/ espacio cultural, un espacio de m\u00fasica en vivo y un city tour cultural musical.<\/p>\n<p>&nbsp;<\/p>\n<p>Participan en este Tour Jopoi Musical: Ana Clara Cejas (Avellaneda &#8211; ARG),\u00a0 Walter Arjona (Jujuy &#8211; ARG), Lalo Aguilar (Colonia Ben\u00edtez &#8211; ARG), La Imperfecta (Colonia Ben\u00edtez &#8211; ARG), Mamboret\u00e1 Psicofolk (Formosa &#8211; ARG), Per Se (Asuncion &#8211; PY) y Conector Cultural (Aregu\u00e1 &#8211; PY)<\/p>\n<p>&nbsp;<\/p>\n<p>Jueves 27 de abril, 19 hs. PY &#8211; 20 hs. AR<\/p>\n<p><a href=\"https:\/\/www.youtube.com\/@jopoimusical1249\">Canal de YouTube<\/a> @jopoimusical1249<\/p>\n<p><a href=\"https:\/\/linktr.ee\/jopoimusical\">linktr.ee\/jopoimusical<\/a><\/p>\n<p><a href=\"https:\/\/www.instagram.com\/jopoimusical\/\">https:\/\/www.instagram.com\/jopoimusical\/<\/a><\/p>\n<p>https:\/\/www.facebook.com\/jopoimusical\/<\/p>\n","protected":false},"excerpt":{"rendered":"<p>Jopoi Musical es un colectivo de activismo cultural que se propone contribuir a la construcci\u00f3n, profesionalizaci\u00f3n y visibilizaci\u00f3n de la diversidad musical iberoamericana, su heterogeneidad de metodolog\u00edas, saberes y haceres dentro de la regi\u00f3n. &nbsp; M\u00fasicxs y gestores regionales habitan un corredor cultural que une a las ciudades de Resistencia \/ Colonia Benitez \/ Herradura [&hellip;]<\/p>\n","protected":false},"author":7,"featured_media":15256,"comment_status":"closed","ping_status":"closed","sticky":false,"template":"","format":"standard","meta":{"footnotes":""},"categories":[53],"tags":[],"class_list":["post-15255","post","type-post","status-publish","format-standard","has-post-thumbnail","hentry","category-noticias-generales"],"lang":"es","translations":{"es":15255,"pt":15258},"pll_sync_post":[],"post_mailing_queue_ids":[],"_links":{"self":[{"href":"http:\/\/staging.ibermusicas.org\/index.php\/wp-json\/wp\/v2\/posts\/15255","targetHints":{"allow":["GET"]}}],"collection":[{"href":"http:\/\/staging.ibermusicas.org\/index.php\/wp-json\/wp\/v2\/posts"}],"about":[{"href":"http:\/\/staging.ibermusicas.org\/index.php\/wp-json\/wp\/v2\/types\/post"}],"author":[{"embeddable":true,"href":"http:\/\/staging.ibermusicas.org\/index.php\/wp-json\/wp\/v2\/users\/7"}],"replies":[{"embeddable":true,"href":"http:\/\/staging.ibermusicas.org\/index.php\/wp-json\/wp\/v2\/comments?post=15255"}],"version-history":[{"count":1,"href":"http:\/\/staging.ibermusicas.org\/index.php\/wp-json\/wp\/v2\/posts\/15255\/revisions"}],"predecessor-version":[{"id":15257,"href":"http:\/\/staging.ibermusicas.org\/index.php\/wp-json\/wp\/v2\/posts\/15255\/revisions\/15257"}],"wp:featuredmedia":[{"embeddable":true,"href":"http:\/\/staging.ibermusicas.org\/index.php\/wp-json\/wp\/v2\/media\/15256"}],"wp:attachment":[{"href":"http:\/\/staging.ibermusicas.org\/index.php\/wp-json\/wp\/v2\/media?parent=15255"}],"wp:term":[{"taxonomy":"category","embeddable":true,"href":"http:\/\/staging.ibermusicas.org\/index.php\/wp-json\/wp\/v2\/categories?post=15255"},{"taxonomy":"post_tag","embeddable":true,"href":"http:\/\/staging.ibermusicas.org\/index.php\/wp-json\/wp\/v2\/tags?post=15255"}],"curies":[{"name":"wp","href":"https:\/\/api.w.org\/{rel}","templated":true}]}}