{"id":15258,"date":"2023-04-12T21:14:44","date_gmt":"2023-04-12T21:14:44","guid":{"rendered":"http:\/\/staging.ibermusicas.org\/?p=15258"},"modified":"2023-05-02T17:48:00","modified_gmt":"2023-05-02T17:48:00","slug":"jopoi-musical-presenta-el-video-blog-tour-corredor-cultural-litoral-argentino-paraguay-2","status":"publish","type":"post","link":"http:\/\/staging.ibermusicas.org\/index.php\/jopoi-musical-presenta-el-video-blog-tour-corredor-cultural-litoral-argentino-paraguay-2\/","title":{"rendered":"Jopoi Musical presenta el video blog \u201cTour Corredor Cultural Litoral Argentino &#8211; Paraguay\u201d"},"content":{"rendered":"<p><strong>Jopoi Musical apresenta o videoblog \u00abTour Corredor Cultural Litoral Argentino &#8211; Paraguay\u00bb<\/strong><\/p>\n<p>&nbsp;<\/p>\n<p>Jopoi Musical \u00e9 um coletivo de ativismo cultural que visa contribuir para a constru\u00e7\u00e3o, profissionaliza\u00e7\u00e3o e visibilidade da diversidade musical ibero-americana, sua heterogeneidade de metodologias, saberes e pr\u00e1ticas dentro da regi\u00e3o.<\/p>\n<p>&nbsp;<\/p>\n<p>Musicxs e gestores regionais habitam un corredor cultural que une as cidades de Resistencia \/ Colonia Benitez \/ Herradura \/ Formosa \/ Assun\u00e7\u00e3o \/ Aregu\u00e1. Um casal de m\u00fasicos parte de Buenos Aires com o objetivo de conhec\u00ea-lo e grav\u00e1-lo.<\/p>\n<p>&nbsp;<\/p>\n<p>O conte\u00fado gerado neste passeio busca mostrar a paisagem de gest\u00e3o da regi\u00e3o, destacando espa\u00e7os, referentes e cronogramas de forma a gerar um mapeamento desses territ\u00f3rios. Promover o di\u00e1logo inter-regional, gerar uma no\u00e7\u00e3o de proximidade e documentar as experi\u00eancias de vincula\u00e7\u00e3o no circuito cultural das costas argentina e paraguaia.<\/p>\n<p>&nbsp;<\/p>\n<p>Durante a primeira semana de dezembro, esta viagem foi realizada criando um registro audiovisual com o objetivo de obter um mapeamento cultural deste corredor.<\/p>\n<p>&nbsp;<\/p>\n<p>O conte\u00fado gerado durante a viagem \u00e9 a base para um audiovisual em formato de \u201cv\u00eddeo blog\u201d. Cada cap\u00edtulo inclui: um conhecimento sobre gest\u00e3o musical, uma resid\u00eancia art\u00edstica\/espa\u00e7o cultural, um espa\u00e7o de m\u00fasica ao vivo e um city tour cultural musical.<\/p>\n<p>&nbsp;<\/p>\n<p>Participam desta Jopoi Musical Tour: Ana Clara Cejas (Avellaneda &#8211; ARG), Walter Arjona (Jujuy &#8211; ARG), Lalo Aguilar (Colonia Ben\u00edtez &#8211; ARG), La Imperfecta (Colonia Ben\u00edtez &#8211; ARG), Mamboret\u00e1 Psicofolk (Formosa &#8211; ARG), Per Se (Assun\u00e7\u00e3o &#8211; PY) e Conector Cultural (Aregu\u00e1 &#8211; PY)<\/p>\n<p>&nbsp;<\/p>\n<p>&nbsp;<\/p>\n<p>Quinta-feira, 27 de abril, \u00e0s 19h. PS &#8211; 20h AR<\/p>\n<p><a href=\"https:\/\/www.youtube.com\/@jopoimusical1249\">Canal de YouTube<\/a> @jopoimusical1249<\/p>\n<p><a href=\"https:\/\/linktr.ee\/jopoimusical\">linktr.ee\/jopoimusical<\/a><\/p>\n<p><a href=\"https:\/\/www.instagram.com\/jopoimusical\/\">https:\/\/www.instagram.com\/jopoimusical\/<\/a><\/p>\n<p>https:\/\/www.facebook.com\/jopoimusical\/<\/p>\n","protected":false},"excerpt":{"rendered":"<p>Jopoi Musical apresenta o videoblog \u00abTour Corredor Cultural Litoral Argentino &#8211; Paraguay\u00bb &nbsp; Jopoi Musical \u00e9 um coletivo de ativismo cultural que visa contribuir para a constru\u00e7\u00e3o, profissionaliza\u00e7\u00e3o e visibilidade da diversidade musical ibero-americana, sua heterogeneidade de metodologias, saberes e pr\u00e1ticas dentro da regi\u00e3o. &nbsp; Musicxs e gestores regionais habitam un corredor cultural que une [&hellip;]<\/p>\n","protected":false},"author":7,"featured_media":15256,"comment_status":"closed","ping_status":"closed","sticky":false,"template":"","format":"standard","meta":{"footnotes":""},"categories":[218],"tags":[],"class_list":["post-15258","post","type-post","status-publish","format-standard","has-post-thumbnail","hentry","category-noticias-generales-pt"],"lang":"pt","translations":{"pt":15258,"es":15255},"pll_sync_post":[],"post_mailing_queue_ids":[],"_links":{"self":[{"href":"http:\/\/staging.ibermusicas.org\/index.php\/wp-json\/wp\/v2\/posts\/15258","targetHints":{"allow":["GET"]}}],"collection":[{"href":"http:\/\/staging.ibermusicas.org\/index.php\/wp-json\/wp\/v2\/posts"}],"about":[{"href":"http:\/\/staging.ibermusicas.org\/index.php\/wp-json\/wp\/v2\/types\/post"}],"author":[{"embeddable":true,"href":"http:\/\/staging.ibermusicas.org\/index.php\/wp-json\/wp\/v2\/users\/7"}],"replies":[{"embeddable":true,"href":"http:\/\/staging.ibermusicas.org\/index.php\/wp-json\/wp\/v2\/comments?post=15258"}],"version-history":[{"count":1,"href":"http:\/\/staging.ibermusicas.org\/index.php\/wp-json\/wp\/v2\/posts\/15258\/revisions"}],"predecessor-version":[{"id":15259,"href":"http:\/\/staging.ibermusicas.org\/index.php\/wp-json\/wp\/v2\/posts\/15258\/revisions\/15259"}],"wp:featuredmedia":[{"embeddable":true,"href":"http:\/\/staging.ibermusicas.org\/index.php\/wp-json\/wp\/v2\/media\/15256"}],"wp:attachment":[{"href":"http:\/\/staging.ibermusicas.org\/index.php\/wp-json\/wp\/v2\/media?parent=15258"}],"wp:term":[{"taxonomy":"category","embeddable":true,"href":"http:\/\/staging.ibermusicas.org\/index.php\/wp-json\/wp\/v2\/categories?post=15258"},{"taxonomy":"post_tag","embeddable":true,"href":"http:\/\/staging.ibermusicas.org\/index.php\/wp-json\/wp\/v2\/tags?post=15258"}],"curies":[{"name":"wp","href":"https:\/\/api.w.org\/{rel}","templated":true}]}}