{"id":15266,"date":"2023-04-13T14:45:41","date_gmt":"2023-04-13T14:45:41","guid":{"rendered":"http:\/\/staging.ibermusicas.org\/?p=15266"},"modified":"2023-05-02T17:47:54","modified_gmt":"2023-05-02T17:47:54","slug":"vai-ser-publicada-a-aula-criacao-de-home-studio-faca-muito-com-pouco-um-projeto-de-rodrigo-lana-que-busca-auxiliar-artistas-na-producao-musical","status":"publish","type":"post","link":"http:\/\/staging.ibermusicas.org\/index.php\/vai-ser-publicada-a-aula-criacao-de-home-studio-faca-muito-com-pouco-um-projeto-de-rodrigo-lana-que-busca-auxiliar-artistas-na-producao-musical\/","title":{"rendered":"Vai ser publicada a aula\u00a0 \u201cCria\u00e7\u00e3o de home studio: fa\u00e7a muito com pouco\u201d, um projeto de Rodrigo Lana que busca auxiliar artistas na produ\u00e7\u00e3o musical"},"content":{"rendered":"<p>A produ\u00e7\u00e3o musical em casa tornou-se uma realidade e \u00e9 cada vez mais respons\u00e1vel pelo desenvolvimento de carreiras e oferta art\u00edstica. Isso n\u00e3o significa que t\u00e9cnicos e est\u00fadios est\u00e3o obsoletos, mas existem outras alternativas que democratizam o acesso de artistas de diferentes classes sociais \u00e0 grava\u00e7\u00e3o e publica\u00e7\u00e3o de m\u00fasica, fomentando a cultura do pa\u00eds. Para preencher essa lacuna, com os objetivos de promover a inclus\u00e3o digital de artistas, fomentar a cria\u00e7\u00e3o art\u00edstica, a oferta de obras em Portugal e no espa\u00e7o \u00edbero-americano, promover a corre\u00e7\u00e3o de assimetrias de acesso, a gera\u00e7\u00e3o de renda e muito mais, Rodrigo Lana prop\u00f5e a aula \u201cCria\u00e7\u00e3o de Home Studio: fa\u00e7a muito com pouco\u201d.<\/p>\n<p>&nbsp;<\/p>\n<p>Especialmente no momento hist\u00f3rico atual, o conhecimento sobre tecnologia aplicado \u00e0s artes pode ser determinante para a sobreviv\u00eancia de algumas profiss\u00f5es e do setor. Na pandemia, com a impossibilidade da realiza\u00e7\u00e3o de concertos, uma das principais atividades dos m\u00fasicos nesse per\u00edodo foi a produ\u00e7\u00e3o fonogr\u00e1fica, ou seja, a grava\u00e7\u00e3o e publica\u00e7\u00e3o de singles e \u00e1lbuns, al\u00e9m da realiza\u00e7\u00e3o de \u201clives\u201d e oferta de aulas. Entretanto, nem todos fazem parte dessa inclus\u00e3o digital. H\u00e1 muitos cantores e instrumentistas que n\u00e3o t\u00eam conhecimento nem equipamentos para produzir o seu pr\u00f3prio material.<\/p>\n<p>&nbsp;<\/p>\n<p>Dentre os principais temas a serem abordados, est\u00e3o: equipamentos de grava\u00e7\u00e3o, computador, interface de \u00e1udio, auscultadores, software de grava\u00e7\u00e3o, microfones, acess\u00f3rios, sustentabilidade na produ\u00e7\u00e3o musical, cuidados na escolha e dicas de durabilidade de materiais, tratamento ac\u00fastico, problemas poss\u00edveis, solu\u00e7\u00f5es criativas, funcionamento de cada material e mais.<\/p>\n<p>&nbsp;<\/p>\n<p>&nbsp;<\/p>\n<p>Quinta-feira 27 de abril,\u00a0 \u00e0s 13h de Portugal e 11h do Brasil<\/p>\n<p>No canal https:\/\/ youtube.com\/audioforsingers<\/p>\n","protected":false},"excerpt":{"rendered":"<p>A produ\u00e7\u00e3o musical em casa tornou-se uma realidade e \u00e9 cada vez mais respons\u00e1vel pelo desenvolvimento de carreiras e oferta art\u00edstica. Isso n\u00e3o significa que t\u00e9cnicos e est\u00fadios est\u00e3o obsoletos, mas existem outras alternativas que democratizam o acesso de artistas de diferentes classes sociais \u00e0 grava\u00e7\u00e3o e publica\u00e7\u00e3o de m\u00fasica, fomentando a cultura do pa\u00eds. [&hellip;]<\/p>\n","protected":false},"author":7,"featured_media":15264,"comment_status":"closed","ping_status":"closed","sticky":false,"template":"","format":"standard","meta":{"footnotes":""},"categories":[218],"tags":[],"class_list":["post-15266","post","type-post","status-publish","format-standard","has-post-thumbnail","hentry","category-noticias-generales-pt"],"lang":"pt","translations":{"pt":15266,"es":15262},"pll_sync_post":[],"post_mailing_queue_ids":[],"_links":{"self":[{"href":"http:\/\/staging.ibermusicas.org\/index.php\/wp-json\/wp\/v2\/posts\/15266","targetHints":{"allow":["GET"]}}],"collection":[{"href":"http:\/\/staging.ibermusicas.org\/index.php\/wp-json\/wp\/v2\/posts"}],"about":[{"href":"http:\/\/staging.ibermusicas.org\/index.php\/wp-json\/wp\/v2\/types\/post"}],"author":[{"embeddable":true,"href":"http:\/\/staging.ibermusicas.org\/index.php\/wp-json\/wp\/v2\/users\/7"}],"replies":[{"embeddable":true,"href":"http:\/\/staging.ibermusicas.org\/index.php\/wp-json\/wp\/v2\/comments?post=15266"}],"version-history":[{"count":1,"href":"http:\/\/staging.ibermusicas.org\/index.php\/wp-json\/wp\/v2\/posts\/15266\/revisions"}],"predecessor-version":[{"id":15267,"href":"http:\/\/staging.ibermusicas.org\/index.php\/wp-json\/wp\/v2\/posts\/15266\/revisions\/15267"}],"wp:featuredmedia":[{"embeddable":true,"href":"http:\/\/staging.ibermusicas.org\/index.php\/wp-json\/wp\/v2\/media\/15264"}],"wp:attachment":[{"href":"http:\/\/staging.ibermusicas.org\/index.php\/wp-json\/wp\/v2\/media?parent=15266"}],"wp:term":[{"taxonomy":"category","embeddable":true,"href":"http:\/\/staging.ibermusicas.org\/index.php\/wp-json\/wp\/v2\/categories?post=15266"},{"taxonomy":"post_tag","embeddable":true,"href":"http:\/\/staging.ibermusicas.org\/index.php\/wp-json\/wp\/v2\/tags?post=15266"}],"curies":[{"name":"wp","href":"https:\/\/api.w.org\/{rel}","templated":true}]}}