{"id":15272,"date":"2023-04-13T16:57:14","date_gmt":"2023-04-13T16:57:14","guid":{"rendered":"http:\/\/staging.ibermusicas.org\/?p=15272"},"modified":"2023-05-02T17:47:42","modified_gmt":"2023-05-02T17:47:42","slug":"caravana-do-amanha-inicia-sua-turne-por-paraguai-colombia-e-argentina","status":"publish","type":"post","link":"http:\/\/staging.ibermusicas.org\/index.php\/caravana-do-amanha-inicia-sua-turne-por-paraguai-colombia-e-argentina\/","title":{"rendered":"Caravana do Amanh\u00e3 inicia sua turn\u00ea por Paraguai, Col\u00f4mbia e Argentina"},"content":{"rendered":"<p>\u201cCaravana do Amanh\u00e3\u201d traz o registro de composi\u00e7\u00f5es de Iara Ferreira e Elodie Bouny. A parceria que resultou em sete can\u00e7\u00f5es, sendo m\u00fasicas de Elodie e letras de Iara, traz \u00e0 tona a mulher no papel principal.<\/p>\n<p>&nbsp;<\/p>\n<p>As mulheres criadoras de \u201cCaravana do amanh\u00e3\u201d se posicionam de maneira singular, na literatura po\u00e9tica, como autora e letrista de can\u00e7\u00f5es em paralelo com a compositora e instrumentista, que se destaca no universo do viol\u00e3o, universos estes majoritariamente masculinos.<\/p>\n<p>&nbsp;<\/p>\n<p>Um trabalho ousado e de sonoridade singular, com can\u00e7\u00f5es fundadas tanto na tradi\u00e7\u00e3o popular quanto na erudita, po\u00e9tica e coloquial, e que num la\u00e7o entre as carreiras e vidas das duas compositoras, aproximam as tradi\u00e7\u00f5es musicais latino-americanas e europeias.<\/p>\n<p>&nbsp;<\/p>\n<p>O show prop\u00f5e ao p\u00fablico uma viagem por g\u00eaneros pouco difundidos atualmente como a barcarola, o bolero, aires de cueca argentina, influ\u00eancias andinas e valsa rancheira brasileira \u2013 com can\u00e7\u00f5es que contam, nas letras em portugu\u00eas e espanhol, hist\u00f3rias de afeto, luta, encantamento e desejo de um futuro mais gentil e igualit\u00e1rio para a humanidade.<\/p>\n<p>&nbsp;<\/p>\n<p>Esta intensa troca, favorece ainda mais o fomento da produ\u00e7\u00e3o art\u00edstica e musical, atrav\u00e9s de novas possibilidades de parcerias e influ\u00eancias culturais.<\/p>\n<p>&nbsp;<\/p>\n<p>&nbsp;<\/p>\n<p>26 de abril, Hohenau, Paraguai<\/p>\n<p>28 de abril, Assun\u00e7\u00e3o, Paraguai<\/p>\n<p>02 de maio, Tunja, Colombia<\/p>\n<p>04 de maio, Buenos Aires, Argentina<\/p>\n<p>05 de maio, Buenos Aires, Argentina<\/p>\n","protected":false},"excerpt":{"rendered":"<p>\u201cCaravana do Amanh\u00e3\u201d traz o registro de composi\u00e7\u00f5es de Iara Ferreira e Elodie Bouny. A parceria que resultou em sete can\u00e7\u00f5es, sendo m\u00fasicas de Elodie e letras de Iara, traz \u00e0 tona a mulher no papel principal. &nbsp; As mulheres criadoras de \u201cCaravana do amanh\u00e3\u201d se posicionam de maneira singular, na literatura po\u00e9tica, como autora [&hellip;]<\/p>\n","protected":false},"author":7,"featured_media":15270,"comment_status":"closed","ping_status":"closed","sticky":false,"template":"","format":"standard","meta":{"footnotes":""},"categories":[218],"tags":[],"class_list":["post-15272","post","type-post","status-publish","format-standard","has-post-thumbnail","hentry","category-noticias-generales-pt"],"lang":"pt","translations":{"pt":15272,"es":15269},"pll_sync_post":[],"post_mailing_queue_ids":[],"_links":{"self":[{"href":"http:\/\/staging.ibermusicas.org\/index.php\/wp-json\/wp\/v2\/posts\/15272","targetHints":{"allow":["GET"]}}],"collection":[{"href":"http:\/\/staging.ibermusicas.org\/index.php\/wp-json\/wp\/v2\/posts"}],"about":[{"href":"http:\/\/staging.ibermusicas.org\/index.php\/wp-json\/wp\/v2\/types\/post"}],"author":[{"embeddable":true,"href":"http:\/\/staging.ibermusicas.org\/index.php\/wp-json\/wp\/v2\/users\/7"}],"replies":[{"embeddable":true,"href":"http:\/\/staging.ibermusicas.org\/index.php\/wp-json\/wp\/v2\/comments?post=15272"}],"version-history":[{"count":1,"href":"http:\/\/staging.ibermusicas.org\/index.php\/wp-json\/wp\/v2\/posts\/15272\/revisions"}],"predecessor-version":[{"id":15273,"href":"http:\/\/staging.ibermusicas.org\/index.php\/wp-json\/wp\/v2\/posts\/15272\/revisions\/15273"}],"wp:featuredmedia":[{"embeddable":true,"href":"http:\/\/staging.ibermusicas.org\/index.php\/wp-json\/wp\/v2\/media\/15270"}],"wp:attachment":[{"href":"http:\/\/staging.ibermusicas.org\/index.php\/wp-json\/wp\/v2\/media?parent=15272"}],"wp:term":[{"taxonomy":"category","embeddable":true,"href":"http:\/\/staging.ibermusicas.org\/index.php\/wp-json\/wp\/v2\/categories?post=15272"},{"taxonomy":"post_tag","embeddable":true,"href":"http:\/\/staging.ibermusicas.org\/index.php\/wp-json\/wp\/v2\/tags?post=15272"}],"curies":[{"name":"wp","href":"https:\/\/api.w.org\/{rel}","templated":true}]}}