{"id":15285,"date":"2023-04-13T18:53:36","date_gmt":"2023-04-13T18:53:36","guid":{"rendered":"http:\/\/staging.ibermusicas.org\/?p=15285"},"modified":"2023-05-02T17:44:31","modified_gmt":"2023-05-02T17:44:31","slug":"el-artista-peruano-mauricio-mesones-presenta-su-nuevo-disco-viaje-tropical-2","status":"publish","type":"post","link":"http:\/\/staging.ibermusicas.org\/index.php\/el-artista-peruano-mauricio-mesones-presenta-su-nuevo-disco-viaje-tropical-2\/","title":{"rendered":"El artista peruano Mauricio Mesones presenta su nuevo disco \u201cViaje Tropical 2\u201d"},"content":{"rendered":"<p>El artista mostrar\u00e1 en exclusiva un adelanto de todos los temas que estar\u00e1n en su nuevo \u00e1lbum.<\/p>\n<p>&nbsp;<\/p>\n<p>Mauricio Mesones no deja de sorprender al p\u00fablico, una vez m\u00e1s el artista invita a un recorrido musical a trav\u00e9s del Per\u00fa con su nuevo disco solista \u201cViaje Tropical 2\u201d, que con nuevos sonidos y fusiones promete hacer un verdadero homenaje a la cumbia.<\/p>\n<p>&nbsp;<\/p>\n<p>El \u201cViaje Tropical 2\u201d es un proyecto de siete canciones que explora la cumbia desde una perspectiva distinta. Es as\u00ed, que en este disco nacen fusiones de este ritmo tropical con sonidos jamaiquinos, mexicanos, argentinos y m\u00e1s, haciendo una exploraci\u00f3n por ritmos internacionales que enriquecen el panorama musical de la cumbia.<\/p>\n<p>&nbsp;<\/p>\n<p><em>\u201cEl Viaje Tropical 2 fue realizado mientras viaj\u00e1bamos, investig\u00e1bamos y escuch\u00e1bamos m\u00e1s sobre nuestra m\u00fasica. Esto nos ha permitido componer, crear un legado y dejar plasmada la cultura peruana en esta propuesta que pronto podr\u00e1n escuchar\u201d, <\/em>indic\u00f3 el cantante.<\/p>\n<p>&nbsp;<\/p>\n<p>Este espect\u00e1culo cuenta con un formato especial, y es que gracias a la narrativa de cada canci\u00f3n y su particular sonido, los 500 asistentes ser\u00e1n inmersos en un verdadero viaje que los llevar\u00e1 a recorrer cada rinc\u00f3n del Per\u00fa. Grandes invitados acompa\u00f1ar\u00e1n esta gala, que promete ser una noche inigualable para los asistentes.<\/p>\n<p>&nbsp;<\/p>\n<p>28 de abril en Teatro Plaza Norte, Lima, Per\u00fa<\/p>\n","protected":false},"excerpt":{"rendered":"<p>El artista mostrar\u00e1 en exclusiva un adelanto de todos los temas que estar\u00e1n en su nuevo \u00e1lbum. &nbsp; Mauricio Mesones no deja de sorprender al p\u00fablico, una vez m\u00e1s el artista invita a un recorrido musical a trav\u00e9s del Per\u00fa con su nuevo disco solista \u201cViaje Tropical 2\u201d, que con nuevos sonidos y fusiones promete [&hellip;]<\/p>\n","protected":false},"author":7,"featured_media":15286,"comment_status":"closed","ping_status":"closed","sticky":false,"template":"","format":"standard","meta":{"footnotes":""},"categories":[53],"tags":[],"class_list":["post-15285","post","type-post","status-publish","format-standard","has-post-thumbnail","hentry","category-noticias-generales"],"lang":"es","translations":{"es":15285,"pt":15288},"pll_sync_post":[],"post_mailing_queue_ids":[],"_links":{"self":[{"href":"http:\/\/staging.ibermusicas.org\/index.php\/wp-json\/wp\/v2\/posts\/15285","targetHints":{"allow":["GET"]}}],"collection":[{"href":"http:\/\/staging.ibermusicas.org\/index.php\/wp-json\/wp\/v2\/posts"}],"about":[{"href":"http:\/\/staging.ibermusicas.org\/index.php\/wp-json\/wp\/v2\/types\/post"}],"author":[{"embeddable":true,"href":"http:\/\/staging.ibermusicas.org\/index.php\/wp-json\/wp\/v2\/users\/7"}],"replies":[{"embeddable":true,"href":"http:\/\/staging.ibermusicas.org\/index.php\/wp-json\/wp\/v2\/comments?post=15285"}],"version-history":[{"count":1,"href":"http:\/\/staging.ibermusicas.org\/index.php\/wp-json\/wp\/v2\/posts\/15285\/revisions"}],"predecessor-version":[{"id":15287,"href":"http:\/\/staging.ibermusicas.org\/index.php\/wp-json\/wp\/v2\/posts\/15285\/revisions\/15287"}],"wp:featuredmedia":[{"embeddable":true,"href":"http:\/\/staging.ibermusicas.org\/index.php\/wp-json\/wp\/v2\/media\/15286"}],"wp:attachment":[{"href":"http:\/\/staging.ibermusicas.org\/index.php\/wp-json\/wp\/v2\/media?parent=15285"}],"wp:term":[{"taxonomy":"category","embeddable":true,"href":"http:\/\/staging.ibermusicas.org\/index.php\/wp-json\/wp\/v2\/categories?post=15285"},{"taxonomy":"post_tag","embeddable":true,"href":"http:\/\/staging.ibermusicas.org\/index.php\/wp-json\/wp\/v2\/tags?post=15285"}],"curies":[{"name":"wp","href":"https:\/\/api.w.org\/{rel}","templated":true}]}}