{"id":15288,"date":"2023-04-13T18:55:20","date_gmt":"2023-04-13T18:55:20","guid":{"rendered":"http:\/\/staging.ibermusicas.org\/?p=15288"},"modified":"2023-05-02T17:47:48","modified_gmt":"2023-05-02T17:47:48","slug":"o-artista-peruano-mauricio-mesones-apresenta-seu-novo-album-viaje-tropical-2","status":"publish","type":"post","link":"http:\/\/staging.ibermusicas.org\/index.php\/o-artista-peruano-mauricio-mesones-apresenta-seu-novo-album-viaje-tropical-2\/","title":{"rendered":"O artista peruano Mauricio Mesones apresenta seu novo \u00e1lbum \u00abViaje Tropical 2\u00bb"},"content":{"rendered":"<p>O artista mostrar\u00e1 com exclusividade uma pr\u00e9via de todas as m\u00fasicas que estar\u00e3o em seu novo \u00e1lbum.<\/p>\n<p>Mauricio Mesones n\u00e3o para de surpreender o p\u00fablico, mais uma vez o artista nos convida para uma viagem musical pelo Peru com seu novo \u00e1lbum solo \u00abViaje Tropical 2\u00bb, que com novas sonoridades e fus\u00f5es promete prestar uma verdadeira homenagem \u00e0 cumbia.<\/p>\n<p>&nbsp;<\/p>\n<p>\u201cViaje Tropical 2\u201d \u00e9 um projeto de sete can\u00e7\u00f5es que explora a cumbia de uma perspectiva diferente. Assim, neste \u00e1lbum, nascem fus\u00f5es deste ritmo tropical com sonoridades jamaicanas, mexicanas, argentinas e muito mais, explorando ritmos internacionais que enriquecem o panorama musical da cumbia.<\/p>\n<p>&nbsp;<\/p>\n<p><em>\u201cEl Viaje Tropical 2 foi feito enquanto est\u00e1vamos viajando, pesquisando e ouvindo mais sobre nossa m\u00fasica. Isso nos permitiu compor, criar um legado e deixar a cultura peruana refletida nesta proposta que em breve voc\u00eas poder\u00e3o ouvir\u201d, <\/em>disse o cantor.<\/p>\n<p>&nbsp;<\/p>\n<p>Este show tem um formato especial, e \u00e9 gra\u00e7as \u00e0 narrativa de cada m\u00fasica e seu som particular, os 500 participantes ser\u00e3o imersos em uma verdadeira viagem que os levar\u00e1 a visitar todos os cantos do Peru. Grandes convidados acompanhar\u00e3o esta gala, que promete ser uma noite imbat\u00edvel para os participantes.<\/p>\n<p>28 de abril no Teatro Plaza Norte, Lima, Peru<\/p>\n","protected":false},"excerpt":{"rendered":"<p>O artista mostrar\u00e1 com exclusividade uma pr\u00e9via de todas as m\u00fasicas que estar\u00e3o em seu novo \u00e1lbum. Mauricio Mesones n\u00e3o para de surpreender o p\u00fablico, mais uma vez o artista nos convida para uma viagem musical pelo Peru com seu novo \u00e1lbum solo \u00abViaje Tropical 2\u00bb, que com novas sonoridades e fus\u00f5es promete prestar uma [&hellip;]<\/p>\n","protected":false},"author":7,"featured_media":15286,"comment_status":"closed","ping_status":"closed","sticky":false,"template":"","format":"standard","meta":{"footnotes":""},"categories":[218],"tags":[],"class_list":["post-15288","post","type-post","status-publish","format-standard","has-post-thumbnail","hentry","category-noticias-generales-pt"],"lang":"pt","translations":{"pt":15288,"es":15285},"pll_sync_post":[],"post_mailing_queue_ids":[],"_links":{"self":[{"href":"http:\/\/staging.ibermusicas.org\/index.php\/wp-json\/wp\/v2\/posts\/15288","targetHints":{"allow":["GET"]}}],"collection":[{"href":"http:\/\/staging.ibermusicas.org\/index.php\/wp-json\/wp\/v2\/posts"}],"about":[{"href":"http:\/\/staging.ibermusicas.org\/index.php\/wp-json\/wp\/v2\/types\/post"}],"author":[{"embeddable":true,"href":"http:\/\/staging.ibermusicas.org\/index.php\/wp-json\/wp\/v2\/users\/7"}],"replies":[{"embeddable":true,"href":"http:\/\/staging.ibermusicas.org\/index.php\/wp-json\/wp\/v2\/comments?post=15288"}],"version-history":[{"count":1,"href":"http:\/\/staging.ibermusicas.org\/index.php\/wp-json\/wp\/v2\/posts\/15288\/revisions"}],"predecessor-version":[{"id":15289,"href":"http:\/\/staging.ibermusicas.org\/index.php\/wp-json\/wp\/v2\/posts\/15288\/revisions\/15289"}],"wp:featuredmedia":[{"embeddable":true,"href":"http:\/\/staging.ibermusicas.org\/index.php\/wp-json\/wp\/v2\/media\/15286"}],"wp:attachment":[{"href":"http:\/\/staging.ibermusicas.org\/index.php\/wp-json\/wp\/v2\/media?parent=15288"}],"wp:term":[{"taxonomy":"category","embeddable":true,"href":"http:\/\/staging.ibermusicas.org\/index.php\/wp-json\/wp\/v2\/categories?post=15288"},{"taxonomy":"post_tag","embeddable":true,"href":"http:\/\/staging.ibermusicas.org\/index.php\/wp-json\/wp\/v2\/tags?post=15288"}],"curies":[{"name":"wp","href":"https:\/\/api.w.org\/{rel}","templated":true}]}}