{"id":15290,"date":"2023-04-13T18:56:45","date_gmt":"2023-04-13T18:56:45","guid":{"rendered":"http:\/\/staging.ibermusicas.org\/?p=15290"},"modified":"2023-05-02T17:44:25","modified_gmt":"2023-05-02T17:44:25","slug":"la-banda-yardigans-de-peru-estrena-su-nuevo-single-y-video-labios-rojos","status":"publish","type":"post","link":"http:\/\/staging.ibermusicas.org\/index.php\/la-banda-yardigans-de-peru-estrena-su-nuevo-single-y-video-labios-rojos\/","title":{"rendered":"La banda Yardigans de Per\u00fa estrena su nuevo single y video \u201cLabios Rojos\u201d"},"content":{"rendered":"<p>Yardigans es una banda fundada en 2016 en Cusco Per\u00fa que est\u00e1 conformada por cuatro j\u00f3venes influenciados por el Rock Independiente Brit\u00e1nico y Estadounidense. Jairo Rojas (Guitarra y Voces), Diego Rojas (Bajo y Coros), Maryori Florez (Bater\u00eda) y Brandon Ayme (Guitarra y Coros). Letras con un mensaje social acompa\u00f1adas de sonidos estridentes y riffs de guitarra que identifican a la generaci\u00f3n actual. Poseen un primer EP debut \u201cLos Ni\u00f1os Ya No Quieren M\u00e1s de Lo Mismo\u201d y un LP Disco \u00abYRDGNS\u00bb, con el cu\u00e1l incursionan en el mercado musical Peruano.<\/p>\n<p>\u201cLabios Rojos\u201d es el single y el video que estar\u00e1n presentando a finales del mes de abril.<\/p>\n<p>28 de abril del 2023, 00:00 horas<\/p>\n","protected":false},"excerpt":{"rendered":"<p>Yardigans es una banda fundada en 2016 en Cusco Per\u00fa que est\u00e1 conformada por cuatro j\u00f3venes influenciados por el Rock Independiente Brit\u00e1nico y Estadounidense. Jairo Rojas (Guitarra y Voces), Diego Rojas (Bajo y Coros), Maryori Florez (Bater\u00eda) y Brandon Ayme (Guitarra y Coros). Letras con un mensaje social acompa\u00f1adas de sonidos estridentes y riffs de [&hellip;]<\/p>\n","protected":false},"author":7,"featured_media":15291,"comment_status":"closed","ping_status":"closed","sticky":false,"template":"","format":"standard","meta":{"footnotes":""},"categories":[53],"tags":[],"class_list":["post-15290","post","type-post","status-publish","format-standard","has-post-thumbnail","hentry","category-noticias-generales"],"lang":"es","translations":{"es":15290,"pt":15293},"pll_sync_post":[],"post_mailing_queue_ids":[],"_links":{"self":[{"href":"http:\/\/staging.ibermusicas.org\/index.php\/wp-json\/wp\/v2\/posts\/15290","targetHints":{"allow":["GET"]}}],"collection":[{"href":"http:\/\/staging.ibermusicas.org\/index.php\/wp-json\/wp\/v2\/posts"}],"about":[{"href":"http:\/\/staging.ibermusicas.org\/index.php\/wp-json\/wp\/v2\/types\/post"}],"author":[{"embeddable":true,"href":"http:\/\/staging.ibermusicas.org\/index.php\/wp-json\/wp\/v2\/users\/7"}],"replies":[{"embeddable":true,"href":"http:\/\/staging.ibermusicas.org\/index.php\/wp-json\/wp\/v2\/comments?post=15290"}],"version-history":[{"count":1,"href":"http:\/\/staging.ibermusicas.org\/index.php\/wp-json\/wp\/v2\/posts\/15290\/revisions"}],"predecessor-version":[{"id":15292,"href":"http:\/\/staging.ibermusicas.org\/index.php\/wp-json\/wp\/v2\/posts\/15290\/revisions\/15292"}],"wp:featuredmedia":[{"embeddable":true,"href":"http:\/\/staging.ibermusicas.org\/index.php\/wp-json\/wp\/v2\/media\/15291"}],"wp:attachment":[{"href":"http:\/\/staging.ibermusicas.org\/index.php\/wp-json\/wp\/v2\/media?parent=15290"}],"wp:term":[{"taxonomy":"category","embeddable":true,"href":"http:\/\/staging.ibermusicas.org\/index.php\/wp-json\/wp\/v2\/categories?post=15290"},{"taxonomy":"post_tag","embeddable":true,"href":"http:\/\/staging.ibermusicas.org\/index.php\/wp-json\/wp\/v2\/tags?post=15290"}],"curies":[{"name":"wp","href":"https:\/\/api.w.org\/{rel}","templated":true}]}}