{"id":15293,"date":"2023-04-13T18:58:15","date_gmt":"2023-04-13T18:58:15","guid":{"rendered":"http:\/\/staging.ibermusicas.org\/?p=15293"},"modified":"2023-05-02T17:47:37","modified_gmt":"2023-05-02T17:47:37","slug":"a-banda-yardigans-do-peru-estreia-seu-novo-single-e-video-labios-rojos","status":"publish","type":"post","link":"http:\/\/staging.ibermusicas.org\/index.php\/a-banda-yardigans-do-peru-estreia-seu-novo-single-e-video-labios-rojos\/","title":{"rendered":"A banda Yardigans do Peru estreia seu novo single e v\u00eddeo \u00abLabios Rojos\u00bb"},"content":{"rendered":"<p>Yardigans \u00e9 uma banda fundada em 2016 em Cusco Peru que \u00e9 formada por quatro jovens influenciados pelo rock independente brit\u00e2nico e americano. Jairo Rojas (guitarra e vocal), Diego Rojas (baixo e vocal), Maryori Florez (bateria) e Brandon Ayme (guitarra e vocal). Letras com mensagem social acompanhadas de sons estridentes e riffs de guitarra que identificam a gera\u00e7\u00e3o atual. Eles t\u00eam um EP de estreia \u00abLos Ni\u00f1os Ya No Quieren M\u00e1s de lo Mismo\u00bb e um LP Disco \u00abYRDGNS\u00bb, com o qual se aventuram no mercado musical peruano.<\/p>\n<p>&nbsp;<\/p>\n<p>\u201cLabios Rojos\u201d \u00e9 o single e o v\u00eddeo que v\u00e3o apresentar no final de abril.<\/p>\n<p>&nbsp;<\/p>\n<p>&nbsp;<\/p>\n<p>28 de abril del 2023, 00:00 horas<\/p>\n","protected":false},"excerpt":{"rendered":"<p>Yardigans \u00e9 uma banda fundada em 2016 em Cusco Peru que \u00e9 formada por quatro jovens influenciados pelo rock independente brit\u00e2nico e americano. Jairo Rojas (guitarra e vocal), Diego Rojas (baixo e vocal), Maryori Florez (bateria) e Brandon Ayme (guitarra e vocal). Letras com mensagem social acompanhadas de sons estridentes e riffs de guitarra que [&hellip;]<\/p>\n","protected":false},"author":7,"featured_media":15291,"comment_status":"closed","ping_status":"closed","sticky":false,"template":"","format":"standard","meta":{"footnotes":""},"categories":[218],"tags":[],"class_list":["post-15293","post","type-post","status-publish","format-standard","has-post-thumbnail","hentry","category-noticias-generales-pt"],"lang":"pt","translations":{"pt":15293,"es":15290},"pll_sync_post":[],"post_mailing_queue_ids":[],"_links":{"self":[{"href":"http:\/\/staging.ibermusicas.org\/index.php\/wp-json\/wp\/v2\/posts\/15293","targetHints":{"allow":["GET"]}}],"collection":[{"href":"http:\/\/staging.ibermusicas.org\/index.php\/wp-json\/wp\/v2\/posts"}],"about":[{"href":"http:\/\/staging.ibermusicas.org\/index.php\/wp-json\/wp\/v2\/types\/post"}],"author":[{"embeddable":true,"href":"http:\/\/staging.ibermusicas.org\/index.php\/wp-json\/wp\/v2\/users\/7"}],"replies":[{"embeddable":true,"href":"http:\/\/staging.ibermusicas.org\/index.php\/wp-json\/wp\/v2\/comments?post=15293"}],"version-history":[{"count":1,"href":"http:\/\/staging.ibermusicas.org\/index.php\/wp-json\/wp\/v2\/posts\/15293\/revisions"}],"predecessor-version":[{"id":15294,"href":"http:\/\/staging.ibermusicas.org\/index.php\/wp-json\/wp\/v2\/posts\/15293\/revisions\/15294"}],"wp:featuredmedia":[{"embeddable":true,"href":"http:\/\/staging.ibermusicas.org\/index.php\/wp-json\/wp\/v2\/media\/15291"}],"wp:attachment":[{"href":"http:\/\/staging.ibermusicas.org\/index.php\/wp-json\/wp\/v2\/media?parent=15293"}],"wp:term":[{"taxonomy":"category","embeddable":true,"href":"http:\/\/staging.ibermusicas.org\/index.php\/wp-json\/wp\/v2\/categories?post=15293"},{"taxonomy":"post_tag","embeddable":true,"href":"http:\/\/staging.ibermusicas.org\/index.php\/wp-json\/wp\/v2\/tags?post=15293"}],"curies":[{"name":"wp","href":"https:\/\/api.w.org\/{rel}","templated":true}]}}