{"id":15295,"date":"2023-04-13T19:13:52","date_gmt":"2023-04-13T19:13:52","guid":{"rendered":"http:\/\/staging.ibermusicas.org\/?p=15295"},"modified":"2023-05-02T17:44:18","modified_gmt":"2023-05-02T17:44:18","slug":"el-pianista-cubano-pepe-rivero-y-la-cantante-espanola-angela-cervantes-llevan-su-espectaculo-olas-y-arenas-a-san-juan-argentina","status":"publish","type":"post","link":"http:\/\/staging.ibermusicas.org\/index.php\/el-pianista-cubano-pepe-rivero-y-la-cantante-espanola-angela-cervantes-llevan-su-espectaculo-olas-y-arenas-a-san-juan-argentina\/","title":{"rendered":"El pianista cubano Pepe Rivero y la cantante espa\u00f1ola \u00c1ngela Cervantes llevan su espect\u00e1culo \u201cOlas y Arenas\u201d a San Juan, Argentina"},"content":{"rendered":"<p>Emocionados ante la po\u00e9tica musical de Sylvia Rexach, el pianista y compositor cubano, Pepe Rivero y la cantante ibicenca \u00c1ngela Cervantes, se re\u00fanen en este proyecto discogr\u00e1fico, producido por Jos\u00e9 E. Cruz, para rememorar y expandir el repertorio de la artista puertorrique\u00f1a.<\/p>\n<p>Olas y Arenas, pretende a\u00f1adir una voz nueva a la sensible obra de Sylvia Rexach.<\/p>\n<p>&nbsp;<\/p>\n<p>Proyecto delicado y elegante, liderado por el pianista y compositor cubano, Pepe Rivero y la cantante ibicenca \u00c1ngela Cervantes, con el que rememoran el legado de la inmensa artista puertorrique\u00f1a, Sylvia Rexach. Cantante, compositora, guionista de comedia y poeta, adelantada a su \u00e9poca, a quien rinden homenaje con una selecci\u00f3n de sus canciones, con las que dan voz a su sensible obra, as\u00ed como a su intensa aunque breve vida. D\u00edas narrados a trav\u00e9s de su poes\u00eda y melod\u00edas, a horcajadas entre la Primera Guerra Mundial y la bohemia nocturna de los a\u00f1os 50, en un mundo que no supo ver hasta despu\u00e9s de fallecida, el valor de su arte.<\/p>\n<p>S\u00e1bado 29 de abril, Master Class de Pepe y \u00c1ngela en UNSJ (Universidad Nacional de San Juan)<\/p>\n<p>&nbsp;<\/p>\n<p>Domingo 30 de Abril, show de la noche central D\u00eda Internacional del Jazz, Auditorio Juan Victoria<\/p>\n<p><em>\u00a0<\/em><\/p>\n<p><a href=\"https:\/\/instagram.com\/circuito_argentino_de_jazz?igshid=ZDdkNTZiNTM=\">https:\/\/instagram.com\/circuito_argentino_de_jazz?igshid=ZDdkNTZiNTM=<\/a><\/p>\n<p><a href=\"https:\/\/www.youtube.com\/@circuitoargentinodejazzmus3906\">https:\/\/www.youtube.com\/@circuitoargentinodejazzmus3906<\/a><\/p>\n","protected":false},"excerpt":{"rendered":"<p>Emocionados ante la po\u00e9tica musical de Sylvia Rexach, el pianista y compositor cubano, Pepe Rivero y la cantante ibicenca \u00c1ngela Cervantes, se re\u00fanen en este proyecto discogr\u00e1fico, producido por Jos\u00e9 E. Cruz, para rememorar y expandir el repertorio de la artista puertorrique\u00f1a. Olas y Arenas, pretende a\u00f1adir una voz nueva a la sensible obra de [&hellip;]<\/p>\n","protected":false},"author":7,"featured_media":15296,"comment_status":"closed","ping_status":"closed","sticky":false,"template":"","format":"standard","meta":{"footnotes":""},"categories":[53],"tags":[],"class_list":["post-15295","post","type-post","status-publish","format-standard","has-post-thumbnail","hentry","category-noticias-generales"],"lang":"es","translations":{"es":15295,"pt":15298},"pll_sync_post":[],"post_mailing_queue_ids":[],"_links":{"self":[{"href":"http:\/\/staging.ibermusicas.org\/index.php\/wp-json\/wp\/v2\/posts\/15295","targetHints":{"allow":["GET"]}}],"collection":[{"href":"http:\/\/staging.ibermusicas.org\/index.php\/wp-json\/wp\/v2\/posts"}],"about":[{"href":"http:\/\/staging.ibermusicas.org\/index.php\/wp-json\/wp\/v2\/types\/post"}],"author":[{"embeddable":true,"href":"http:\/\/staging.ibermusicas.org\/index.php\/wp-json\/wp\/v2\/users\/7"}],"replies":[{"embeddable":true,"href":"http:\/\/staging.ibermusicas.org\/index.php\/wp-json\/wp\/v2\/comments?post=15295"}],"version-history":[{"count":1,"href":"http:\/\/staging.ibermusicas.org\/index.php\/wp-json\/wp\/v2\/posts\/15295\/revisions"}],"predecessor-version":[{"id":15297,"href":"http:\/\/staging.ibermusicas.org\/index.php\/wp-json\/wp\/v2\/posts\/15295\/revisions\/15297"}],"wp:featuredmedia":[{"embeddable":true,"href":"http:\/\/staging.ibermusicas.org\/index.php\/wp-json\/wp\/v2\/media\/15296"}],"wp:attachment":[{"href":"http:\/\/staging.ibermusicas.org\/index.php\/wp-json\/wp\/v2\/media?parent=15295"}],"wp:term":[{"taxonomy":"category","embeddable":true,"href":"http:\/\/staging.ibermusicas.org\/index.php\/wp-json\/wp\/v2\/categories?post=15295"},{"taxonomy":"post_tag","embeddable":true,"href":"http:\/\/staging.ibermusicas.org\/index.php\/wp-json\/wp\/v2\/tags?post=15295"}],"curies":[{"name":"wp","href":"https:\/\/api.w.org\/{rel}","templated":true}]}}