{"id":15298,"date":"2023-04-13T19:36:18","date_gmt":"2023-04-13T19:36:18","guid":{"rendered":"http:\/\/staging.ibermusicas.org\/?p=15298"},"modified":"2023-05-02T17:47:29","modified_gmt":"2023-05-02T17:47:29","slug":"o-pianista-cubano-pepe-rivero-e-a-cantora-espanhola-angela-cervantes-levam-o-show-olas-y-arenas-a-san-juan-argentina","status":"publish","type":"post","link":"http:\/\/staging.ibermusicas.org\/index.php\/o-pianista-cubano-pepe-rivero-e-a-cantora-espanhola-angela-cervantes-levam-o-show-olas-y-arenas-a-san-juan-argentina\/","title":{"rendered":"O pianista cubano Pepe Rivero e a cantora espanhola \u00c1ngela Cervantes levam o show \u201cOlas y Arenas\u201d a San Juan, Argentina"},"content":{"rendered":"<p>Movidos pela m\u00fasica po\u00e9tica de Sylvia Rexach, o pianista e compositor cubano Pepe Rivero e a cantora ibiza \u00c1ngela Cervantes se unem neste projeto discogr\u00e1fico, produzido por Jos\u00e9 E. Cruz, para comemorar e ampliar o repert\u00f3rio da artista porto-riquenha. Olas y Arenas, pretende dar uma nova voz \u00e0 sens\u00edvel obra de Sylvia Rexach.<\/p>\n<p>&nbsp;<\/p>\n<p>&nbsp;<\/p>\n<p>Projeto delicado e elegante, liderado pelo pianista e compositor cubano Pepe Rivero e pela cantora ibiza \u00c1ngela Cervantes, com o qual relembram o legado da imensa artista porto-riquenha, Sylvia Rexach. Cantora, compositora, roteirista de com\u00e9dia e poetisa, \u00e0 frente do seu tempo, a quem homenageiam com uma sele\u00e7\u00e3o de suas can\u00e7\u00f5es, com as quais d\u00e3o voz \u00e0 sua sens\u00edvel obra, assim como \u00e0 sua intensa, por\u00e9m breve, vida. Dias narrados atrav\u00e9s de suas poesias e melodias, atravessando a Primeira Guerra Mundial e a boemia noturna dos anos 50, em um mundo que n\u00e3o conseguiu enxergar o valor de sua arte at\u00e9 depois de sua morte.<\/p>\n<p>&nbsp;<\/p>\n<p>&nbsp;<\/p>\n<p>S\u00e1bado, 29 de abril, Master Class de Pepe e \u00c1ngela na UNSJ (Universidade Nacional de San Juan)<\/p>\n<p>&nbsp;<\/p>\n<p>Domingo, 30 de abril, show noturno central Dia Internacional do Jazz, Audit\u00f3rio Juan Victoria<\/p>\n<p><em>\u00a0<\/em><\/p>\n<p><a href=\"https:\/\/instagram.com\/circuito_argentino_de_jazz?igshid=ZDdkNTZiNTM=\">https:\/\/instagram.com\/circuito_argentino_de_jazz?igshid=ZDdkNTZiNTM=<\/a><\/p>\n<p><a href=\"https:\/\/www.youtube.com\/@circuitoargentinodejazzmus3906\">https:\/\/www.youtube.com\/@circuitoargentinodejazzmus3906<\/a><\/p>\n","protected":false},"excerpt":{"rendered":"<p>Movidos pela m\u00fasica po\u00e9tica de Sylvia Rexach, o pianista e compositor cubano Pepe Rivero e a cantora ibiza \u00c1ngela Cervantes se unem neste projeto discogr\u00e1fico, produzido por Jos\u00e9 E. Cruz, para comemorar e ampliar o repert\u00f3rio da artista porto-riquenha. Olas y Arenas, pretende dar uma nova voz \u00e0 sens\u00edvel obra de Sylvia Rexach. &nbsp; &nbsp; [&hellip;]<\/p>\n","protected":false},"author":7,"featured_media":15296,"comment_status":"closed","ping_status":"closed","sticky":false,"template":"","format":"standard","meta":{"footnotes":""},"categories":[218],"tags":[],"class_list":["post-15298","post","type-post","status-publish","format-standard","has-post-thumbnail","hentry","category-noticias-generales-pt"],"lang":"pt","translations":{"pt":15298,"es":15295},"pll_sync_post":[],"post_mailing_queue_ids":[],"_links":{"self":[{"href":"http:\/\/staging.ibermusicas.org\/index.php\/wp-json\/wp\/v2\/posts\/15298","targetHints":{"allow":["GET"]}}],"collection":[{"href":"http:\/\/staging.ibermusicas.org\/index.php\/wp-json\/wp\/v2\/posts"}],"about":[{"href":"http:\/\/staging.ibermusicas.org\/index.php\/wp-json\/wp\/v2\/types\/post"}],"author":[{"embeddable":true,"href":"http:\/\/staging.ibermusicas.org\/index.php\/wp-json\/wp\/v2\/users\/7"}],"replies":[{"embeddable":true,"href":"http:\/\/staging.ibermusicas.org\/index.php\/wp-json\/wp\/v2\/comments?post=15298"}],"version-history":[{"count":1,"href":"http:\/\/staging.ibermusicas.org\/index.php\/wp-json\/wp\/v2\/posts\/15298\/revisions"}],"predecessor-version":[{"id":15299,"href":"http:\/\/staging.ibermusicas.org\/index.php\/wp-json\/wp\/v2\/posts\/15298\/revisions\/15299"}],"wp:featuredmedia":[{"embeddable":true,"href":"http:\/\/staging.ibermusicas.org\/index.php\/wp-json\/wp\/v2\/media\/15296"}],"wp:attachment":[{"href":"http:\/\/staging.ibermusicas.org\/index.php\/wp-json\/wp\/v2\/media?parent=15298"}],"wp:term":[{"taxonomy":"category","embeddable":true,"href":"http:\/\/staging.ibermusicas.org\/index.php\/wp-json\/wp\/v2\/categories?post=15298"},{"taxonomy":"post_tag","embeddable":true,"href":"http:\/\/staging.ibermusicas.org\/index.php\/wp-json\/wp\/v2\/tags?post=15298"}],"curies":[{"name":"wp","href":"https:\/\/api.w.org\/{rel}","templated":true}]}}