{"id":15300,"date":"2023-04-14T12:44:51","date_gmt":"2023-04-14T12:44:51","guid":{"rendered":"http:\/\/staging.ibermusicas.org\/?p=15300"},"modified":"2023-05-02T17:44:11","modified_gmt":"2023-05-02T17:44:11","slug":"el-ensamble-colombiano-notch-lanza-el-disco-notch-telematico-y-a-la-vez-presenta-un-conversatorio-sobre-el-proceso-creativo-del-disco","status":"publish","type":"post","link":"http:\/\/staging.ibermusicas.org\/index.php\/el-ensamble-colombiano-notch-lanza-el-disco-notch-telematico-y-a-la-vez-presenta-un-conversatorio-sobre-el-proceso-creativo-del-disco\/","title":{"rendered":"El ensamble colombiano NoTch lanza el disco \u00abNoTch Telem\u00e1tico\u00bb y a la vez presenta un conversatorio sobre el proceso creativo del disco"},"content":{"rendered":"<p>NoTch es un ensamble que desde 2016 enfoca su trabajo en la improvisaci\u00f3n libre y la creaci\u00f3n de propuestas sonoras experimentales bas\u00e1ndose en partituras con notaci\u00f3n no convencional, conocidas tambi\u00e9n como partituras gr\u00e1ficas, y partituras textuales.<\/p>\n<p>&nbsp;<\/p>\n<p>Gabriel Mora (compositor, guitarrista el\u00e9ctrico e improvisador) y Johan Le\u00f3n (guitarrista el\u00e9ctrico e improvisador) fundan NoTch inicialmente como d\u00fao, sin embargo, r\u00e1pidamente inician la exploraci\u00f3n t\u00edmbrica en sus improvisaciones e interpretaciones de la mano de diferentes m\u00fasicos invitados.<\/p>\n<p>&nbsp;<\/p>\n<p>As\u00ed mismo, el ensamble ha trabajado junto a compositores interesados en el proyecto y en la interpretaci\u00f3n de sus obras gr\u00e1ficas. La obra de NoTch ha sido presentada en diferentes espacios, tanto acad\u00e9micos como no acad\u00e9micos, entre estos \u00faltimos m\u00faltiples sesiones de improvisaci\u00f3n virtuales y presenciales.<\/p>\n<p>&nbsp;<\/p>\n<p>Recientemente, el creador e int\u00e9rprete Diego Serrano, quien adem\u00e1s se ha enfocado en la exploraci\u00f3n de sonidos electr\u00f3nicos experimentales, se ha sumado a la base del proyecto, expandiendo as\u00ed las posibilidades sonoras del ensamble. Para el disco \u00abNoTch Telem\u00e1tico\u00bb han sumado tres invitadas especiales: Mar\u00eda Fernanda Rojas, Ana Sim\u00f3n y Evelyn Vega.<\/p>\n<p>&nbsp;<\/p>\n<p>S\u00e1bado 29 de abril en Bandcamp, Spotify y Youtube<\/p>\n","protected":false},"excerpt":{"rendered":"<p>NoTch es un ensamble que desde 2016 enfoca su trabajo en la improvisaci\u00f3n libre y la creaci\u00f3n de propuestas sonoras experimentales bas\u00e1ndose en partituras con notaci\u00f3n no convencional, conocidas tambi\u00e9n como partituras gr\u00e1ficas, y partituras textuales. &nbsp; Gabriel Mora (compositor, guitarrista el\u00e9ctrico e improvisador) y Johan Le\u00f3n (guitarrista el\u00e9ctrico e improvisador) fundan NoTch inicialmente como [&hellip;]<\/p>\n","protected":false},"author":7,"featured_media":15306,"comment_status":"closed","ping_status":"closed","sticky":false,"template":"","format":"standard","meta":{"footnotes":""},"categories":[53],"tags":[],"class_list":["post-15300","post","type-post","status-publish","format-standard","has-post-thumbnail","hentry","category-noticias-generales"],"lang":"es","translations":{"es":15300,"pt":15307},"pll_sync_post":[],"post_mailing_queue_ids":[],"_links":{"self":[{"href":"http:\/\/staging.ibermusicas.org\/index.php\/wp-json\/wp\/v2\/posts\/15300","targetHints":{"allow":["GET"]}}],"collection":[{"href":"http:\/\/staging.ibermusicas.org\/index.php\/wp-json\/wp\/v2\/posts"}],"about":[{"href":"http:\/\/staging.ibermusicas.org\/index.php\/wp-json\/wp\/v2\/types\/post"}],"author":[{"embeddable":true,"href":"http:\/\/staging.ibermusicas.org\/index.php\/wp-json\/wp\/v2\/users\/7"}],"replies":[{"embeddable":true,"href":"http:\/\/staging.ibermusicas.org\/index.php\/wp-json\/wp\/v2\/comments?post=15300"}],"version-history":[{"count":1,"href":"http:\/\/staging.ibermusicas.org\/index.php\/wp-json\/wp\/v2\/posts\/15300\/revisions"}],"predecessor-version":[{"id":15301,"href":"http:\/\/staging.ibermusicas.org\/index.php\/wp-json\/wp\/v2\/posts\/15300\/revisions\/15301"}],"wp:featuredmedia":[{"embeddable":true,"href":"http:\/\/staging.ibermusicas.org\/index.php\/wp-json\/wp\/v2\/media\/15306"}],"wp:attachment":[{"href":"http:\/\/staging.ibermusicas.org\/index.php\/wp-json\/wp\/v2\/media?parent=15300"}],"wp:term":[{"taxonomy":"category","embeddable":true,"href":"http:\/\/staging.ibermusicas.org\/index.php\/wp-json\/wp\/v2\/categories?post=15300"},{"taxonomy":"post_tag","embeddable":true,"href":"http:\/\/staging.ibermusicas.org\/index.php\/wp-json\/wp\/v2\/tags?post=15300"}],"curies":[{"name":"wp","href":"https:\/\/api.w.org\/{rel}","templated":true}]}}