{"id":15302,"date":"2023-04-14T12:50:32","date_gmt":"2023-04-14T12:50:32","guid":{"rendered":"http:\/\/staging.ibermusicas.org\/?p=15302"},"modified":"2023-05-02T17:44:04","modified_gmt":"2023-05-02T17:44:04","slug":"el-festival-jazzday-asuncion-vuelve-en-2023","status":"publish","type":"post","link":"http:\/\/staging.ibermusicas.org\/index.php\/el-festival-jazzday-asuncion-vuelve-en-2023\/","title":{"rendered":"El Festival JazzDay Asunci\u00f3n vuelve en 2023"},"content":{"rendered":"<p>En este 2023, el Festival por el d\u00eda internacional del jazz, vuelve en Asunci\u00f3n, con la presencia internacional destacada del d\u00fao argentino Zabeca D\u00fao, proyecto impulsado por dos referentes de la m\u00fasica instrumental argentina como el baterista Mariano Tiki Cantero y el guitarrista Ernesto Snajer.<\/p>\n<p>Zabeca Du\u0301o nterpreta m\u00fasicas que toman la tradici\u00f3n de los ritmos argentinos y latinoamericanos, es as\u00ed que la percusi\u00f3n y guitarra conversan en variaciones de chacarera, zamba y vidala, abordados desde la libertad e inspiraci\u00f3n que permite la improvisaci\u00f3n.<\/p>\n<p>El 29 de abril se desarrollar\u00e1 la celebraci\u00f3n por el d\u00eda internacional del jazz, en Asunci\u00f3n, acopl\u00e1ndose a los festejos en m\u00e1s de 180 pa\u00edses en todo el mundo. En este contexto en Paraguay, en el Festival Jazzday, se presentar\u00e1n destacados grupos internacionales junto a m\u00fasicos nacionales, para una fiesta musical en torno a los valores del jazz.<\/p>\n<p>29 de abril 20 hs. Estaci\u00f3n Central del Ferrocarril, Asunci\u00f3n, Paraguay<\/p>\n","protected":false},"excerpt":{"rendered":"<p>En este 2023, el Festival por el d\u00eda internacional del jazz, vuelve en Asunci\u00f3n, con la presencia internacional destacada del d\u00fao argentino Zabeca D\u00fao, proyecto impulsado por dos referentes de la m\u00fasica instrumental argentina como el baterista Mariano Tiki Cantero y el guitarrista Ernesto Snajer. Zabeca Du\u0301o nterpreta m\u00fasicas que toman la tradici\u00f3n de los [&hellip;]<\/p>\n","protected":false},"author":7,"featured_media":15309,"comment_status":"closed","ping_status":"closed","sticky":false,"template":"","format":"standard","meta":{"footnotes":""},"categories":[53],"tags":[],"class_list":["post-15302","post","type-post","status-publish","format-standard","has-post-thumbnail","hentry","category-noticias-generales"],"lang":"es","translations":{"es":15302,"pt":15310},"pll_sync_post":[],"post_mailing_queue_ids":[],"_links":{"self":[{"href":"http:\/\/staging.ibermusicas.org\/index.php\/wp-json\/wp\/v2\/posts\/15302","targetHints":{"allow":["GET"]}}],"collection":[{"href":"http:\/\/staging.ibermusicas.org\/index.php\/wp-json\/wp\/v2\/posts"}],"about":[{"href":"http:\/\/staging.ibermusicas.org\/index.php\/wp-json\/wp\/v2\/types\/post"}],"author":[{"embeddable":true,"href":"http:\/\/staging.ibermusicas.org\/index.php\/wp-json\/wp\/v2\/users\/7"}],"replies":[{"embeddable":true,"href":"http:\/\/staging.ibermusicas.org\/index.php\/wp-json\/wp\/v2\/comments?post=15302"}],"version-history":[{"count":1,"href":"http:\/\/staging.ibermusicas.org\/index.php\/wp-json\/wp\/v2\/posts\/15302\/revisions"}],"predecessor-version":[{"id":15303,"href":"http:\/\/staging.ibermusicas.org\/index.php\/wp-json\/wp\/v2\/posts\/15302\/revisions\/15303"}],"wp:featuredmedia":[{"embeddable":true,"href":"http:\/\/staging.ibermusicas.org\/index.php\/wp-json\/wp\/v2\/media\/15309"}],"wp:attachment":[{"href":"http:\/\/staging.ibermusicas.org\/index.php\/wp-json\/wp\/v2\/media?parent=15302"}],"wp:term":[{"taxonomy":"category","embeddable":true,"href":"http:\/\/staging.ibermusicas.org\/index.php\/wp-json\/wp\/v2\/categories?post=15302"},{"taxonomy":"post_tag","embeddable":true,"href":"http:\/\/staging.ibermusicas.org\/index.php\/wp-json\/wp\/v2\/tags?post=15302"}],"curies":[{"name":"wp","href":"https:\/\/api.w.org\/{rel}","templated":true}]}}