{"id":15310,"date":"2023-04-14T12:52:02","date_gmt":"2023-04-14T12:52:02","guid":{"rendered":"http:\/\/staging.ibermusicas.org\/?p=15310"},"modified":"2023-05-02T17:47:15","modified_gmt":"2023-05-02T17:47:15","slug":"o-festival-jazzday-asuncion-regressa-em-2023","status":"publish","type":"post","link":"http:\/\/staging.ibermusicas.org\/index.php\/o-festival-jazzday-asuncion-regressa-em-2023\/","title":{"rendered":"O Festival JazzDay Asunci\u00f3n regressa em 2023"},"content":{"rendered":"<p>Neste ano de 2023, o Festival International Jazz Day regressa a Assun\u00e7\u00e3o, com a destacada presen\u00e7a internacional do duo argentino Zabeca D\u00fao, projeto promovido por duas refer\u00eancias da m\u00fasica instrumental argentina como o baterista Mariano Tiki Cantero e o guitarrista Ernesto Snajer.<\/p>\n<p>&nbsp;<\/p>\n<p>Zabeca D\u00fao interpreta m\u00fasicas que levam a tradi\u00e7\u00e3o dos ritmos argentinos e latino-americanos, para que a percuss\u00e3o e o viol\u00e3o conversem em varia\u00e7\u00f5es de chacarera, zamba e vidala, abordadas desde a liberdade e a inspira\u00e7\u00e3o que a improvisa\u00e7\u00e3o permite.<\/p>\n<p>&nbsp;<\/p>\n<p>Em 29 de abril, a celebra\u00e7\u00e3o do dia internacional do jazz acontecer\u00e1 em Assun\u00e7\u00e3o, juntando-se \u00e0s festividades em mais de 180 pa\u00edses ao redor do mundo. Neste contexto, no Paraguai, no Jazzday Festival, grupos de destaque internacional se apresentar\u00e3o juntamente com m\u00fasicos nacionais, para uma festa musical em torno dos valores do jazz.<\/p>\n<p>&nbsp;<\/p>\n<p>29 de abril, 20 hs Esta\u00e7\u00e3o Ferrovi\u00e1ria Central, Assun\u00e7\u00e3o, Paraguai<\/p>\n","protected":false},"excerpt":{"rendered":"<p>Neste ano de 2023, o Festival International Jazz Day regressa a Assun\u00e7\u00e3o, com a destacada presen\u00e7a internacional do duo argentino Zabeca D\u00fao, projeto promovido por duas refer\u00eancias da m\u00fasica instrumental argentina como o baterista Mariano Tiki Cantero e o guitarrista Ernesto Snajer. &nbsp; Zabeca D\u00fao interpreta m\u00fasicas que levam a tradi\u00e7\u00e3o dos ritmos argentinos e [&hellip;]<\/p>\n","protected":false},"author":7,"featured_media":15309,"comment_status":"closed","ping_status":"closed","sticky":false,"template":"","format":"standard","meta":{"footnotes":""},"categories":[218],"tags":[],"class_list":["post-15310","post","type-post","status-publish","format-standard","has-post-thumbnail","hentry","category-noticias-generales-pt"],"lang":"pt","translations":{"pt":15310,"es":15302},"pll_sync_post":[],"post_mailing_queue_ids":[],"_links":{"self":[{"href":"http:\/\/staging.ibermusicas.org\/index.php\/wp-json\/wp\/v2\/posts\/15310","targetHints":{"allow":["GET"]}}],"collection":[{"href":"http:\/\/staging.ibermusicas.org\/index.php\/wp-json\/wp\/v2\/posts"}],"about":[{"href":"http:\/\/staging.ibermusicas.org\/index.php\/wp-json\/wp\/v2\/types\/post"}],"author":[{"embeddable":true,"href":"http:\/\/staging.ibermusicas.org\/index.php\/wp-json\/wp\/v2\/users\/7"}],"replies":[{"embeddable":true,"href":"http:\/\/staging.ibermusicas.org\/index.php\/wp-json\/wp\/v2\/comments?post=15310"}],"version-history":[{"count":1,"href":"http:\/\/staging.ibermusicas.org\/index.php\/wp-json\/wp\/v2\/posts\/15310\/revisions"}],"predecessor-version":[{"id":15311,"href":"http:\/\/staging.ibermusicas.org\/index.php\/wp-json\/wp\/v2\/posts\/15310\/revisions\/15311"}],"wp:featuredmedia":[{"embeddable":true,"href":"http:\/\/staging.ibermusicas.org\/index.php\/wp-json\/wp\/v2\/media\/15309"}],"wp:attachment":[{"href":"http:\/\/staging.ibermusicas.org\/index.php\/wp-json\/wp\/v2\/media?parent=15310"}],"wp:term":[{"taxonomy":"category","embeddable":true,"href":"http:\/\/staging.ibermusicas.org\/index.php\/wp-json\/wp\/v2\/categories?post=15310"},{"taxonomy":"post_tag","embeddable":true,"href":"http:\/\/staging.ibermusicas.org\/index.php\/wp-json\/wp\/v2\/tags?post=15310"}],"curies":[{"name":"wp","href":"https:\/\/api.w.org\/{rel}","templated":true}]}}