{"id":15312,"date":"2023-04-14T12:56:09","date_gmt":"2023-04-14T12:56:09","guid":{"rendered":"http:\/\/staging.ibermusicas.org\/?p=15312"},"modified":"2023-05-09T13:12:06","modified_gmt":"2023-05-09T13:12:06","slug":"a-associacao-de-guitarras-do-panama-anuncia-o-vii-concurso-internacional-para-a-interpretacao-de-novas-obras","status":"publish","type":"post","link":"http:\/\/staging.ibermusicas.org\/index.php\/a-associacao-de-guitarras-do-panama-anuncia-o-vii-concurso-internacional-para-a-interpretacao-de-novas-obras\/","title":{"rendered":"A Associa\u00e7\u00e3o de Guitarras do Panam\u00e1 anuncia o VII Concurso Internacional para a Interpreta\u00e7\u00e3o de Novas Obras"},"content":{"rendered":"<p>O concurso est\u00e1 aberto a todos os guitarristas sem restri\u00e7\u00e3o de idade ou nacionalidade. Os vencedores de concursos anteriores n\u00e3o ser\u00e3o autorizados a participar novamente. O j\u00fari ser\u00e1 formado por Marco Corrales (Costa Rica), Edwin Guevara (Col\u00f4mbia), Nadia Borislova (R\u00fassia\/M\u00e9xico), Miguel \u00c1lvarez V\u00e1squez (Chile) e Emiliano Pardo-Trist\u00e1n (Panam\u00e1). A sua decis\u00e3o ser\u00e1 definitiva. Para participar, deve ser apresentado um link do YouTube para um v\u00eddeo (n\u00e3o editado) do Zarco de Emiliano Pardo-Trist\u00e1n (terceiro movimento da \u00abSonata en Azul\u00bb de Emiliano Pardo-Trist\u00e1n), realizado de mem\u00f3ria, O prazo para a apresenta\u00e7\u00e3o do v\u00eddeo \u00e9 Domingo 2 de Julho de 2023.<\/p>\n<p>&nbsp;<\/p>\n<p>A partir de segunda-feira, 3 de julho, todos os v\u00eddeos ser\u00e3o tornados p\u00fablicos na p\u00e1gina Facebook da Associa\u00e7\u00e3o Guitarr\u00edstica de Panam\u00e1. O j\u00fari anunciar\u00e1 os finalistas na quinta-feira 6 de Julho. O vencedor ser\u00e1 anunciado no domingo, 9 de Julho de 2023. O vencedor realizar\u00e1 um pequeno concerto pr\u00e9-gravado no s\u00e1bado 15 de julho, incluindo a pe\u00e7a do concurso e uma escolha livre do repert\u00f3rio. O pr\u00eamio do concurso \u00e9 de US$ 500.<\/p>\n<p>&nbsp;<\/p>\n<p>Mais informa\u00e7\u00f5es em: epardo@temple.edu<\/p>\n","protected":false},"excerpt":{"rendered":"<p>O concurso est\u00e1 aberto a todos os guitarristas sem restri\u00e7\u00e3o de idade ou nacionalidade. Os vencedores de concursos anteriores n\u00e3o ser\u00e3o autorizados a participar novamente. O j\u00fari ser\u00e1 formado por Marco Corrales (Costa Rica), Edwin Guevara (Col\u00f4mbia), Nadia Borislova (R\u00fassia\/M\u00e9xico), Miguel \u00c1lvarez V\u00e1squez (Chile) e Emiliano Pardo-Trist\u00e1n (Panam\u00e1). A sua decis\u00e3o ser\u00e1 definitiva. Para participar, [&hellip;]<\/p>\n","protected":false},"author":7,"featured_media":15323,"comment_status":"closed","ping_status":"closed","sticky":false,"template":"","format":"standard","meta":{"footnotes":""},"categories":[218],"tags":[],"class_list":["post-15312","post","type-post","status-publish","format-standard","has-post-thumbnail","hentry","category-noticias-generales-pt"],"lang":"pt","translations":{"pt":15312,"es":15304},"pll_sync_post":[],"post_mailing_queue_ids":[],"_links":{"self":[{"href":"http:\/\/staging.ibermusicas.org\/index.php\/wp-json\/wp\/v2\/posts\/15312","targetHints":{"allow":["GET"]}}],"collection":[{"href":"http:\/\/staging.ibermusicas.org\/index.php\/wp-json\/wp\/v2\/posts"}],"about":[{"href":"http:\/\/staging.ibermusicas.org\/index.php\/wp-json\/wp\/v2\/types\/post"}],"author":[{"embeddable":true,"href":"http:\/\/staging.ibermusicas.org\/index.php\/wp-json\/wp\/v2\/users\/7"}],"replies":[{"embeddable":true,"href":"http:\/\/staging.ibermusicas.org\/index.php\/wp-json\/wp\/v2\/comments?post=15312"}],"version-history":[{"count":2,"href":"http:\/\/staging.ibermusicas.org\/index.php\/wp-json\/wp\/v2\/posts\/15312\/revisions"}],"predecessor-version":[{"id":15469,"href":"http:\/\/staging.ibermusicas.org\/index.php\/wp-json\/wp\/v2\/posts\/15312\/revisions\/15469"}],"wp:featuredmedia":[{"embeddable":true,"href":"http:\/\/staging.ibermusicas.org\/index.php\/wp-json\/wp\/v2\/media\/15323"}],"wp:attachment":[{"href":"http:\/\/staging.ibermusicas.org\/index.php\/wp-json\/wp\/v2\/media?parent=15312"}],"wp:term":[{"taxonomy":"category","embeddable":true,"href":"http:\/\/staging.ibermusicas.org\/index.php\/wp-json\/wp\/v2\/categories?post=15312"},{"taxonomy":"post_tag","embeddable":true,"href":"http:\/\/staging.ibermusicas.org\/index.php\/wp-json\/wp\/v2\/tags?post=15312"}],"curies":[{"name":"wp","href":"https:\/\/api.w.org\/{rel}","templated":true}]}}