{"id":15341,"date":"2023-05-02T17:55:26","date_gmt":"2023-05-02T17:55:26","guid":{"rendered":"http:\/\/staging.ibermusicas.org\/?p=15341"},"modified":"2023-06-01T12:50:15","modified_gmt":"2023-06-01T12:50:15","slug":"en-la-ciudad-de-rio-de-janeiro-brasil-se-llevo-a-cabo-la-xx-reunion-de-consejo-intergubernamental-del-programa-ibermusicas","status":"publish","type":"post","link":"http:\/\/staging.ibermusicas.org\/index.php\/en-la-ciudad-de-rio-de-janeiro-brasil-se-llevo-a-cabo-la-xx-reunion-de-consejo-intergubernamental-del-programa-ibermusicas\/","title":{"rendered":"En la Ciudad de R\u00edo de Janeiro, Brasil, se llev\u00f3 a cabo la XX Reuni\u00f3n de Consejo Intergubernamental del Programa Iberm\u00fasicas"},"content":{"rendered":"<p>Con la presencia de representantes de Argentina, Brasil, Chile, Colombia, Costa Rica, Cuba, Ecuador, M\u00e9xico, Panam\u00e1, Paraguay, Per\u00fa, Portugal, Uruguay, Venezuela y SEGIB (Secretar\u00eda General Iberoamericana) se desarroll\u00f3, entre los d\u00edas 25 y 28 de abril, la XX Reuni\u00f3n de Consejo Intergubernamental del Programa Iberm\u00fasicas.<\/p>\n<p>&nbsp;<\/p>\n<p>En este encuentro se evaluaron los resultados de las convocatorias 2023, se delinearon las directrices de las convocatorias 2024, se compartieron experiencias, y se reflexion\u00f3 sobre los objetivos, alcances y perspectivas del Programa.<\/p>\n<p>&nbsp;<\/p>\n<p>En esta serie de reuniones se ha destinado un espacio especial para el encuentro con importantes representantes del sector musical del pa\u00eds anfitri\u00f3n realizando encuentros con representantes de las Asociaciones de festivales, casas de espect\u00e1culos y productoras culturales del Brasil; representantes de radios p\u00fablicas del Brasil; el F\u00f3rum Brasileiro de \u00d3pera, Dan\u00e7a e M\u00fasica de Concerto y la Secretaria de Direitos Autorais e Propriedade Intelectual.<\/p>\n<p>&nbsp;<\/p>\n<p>Se destaca la presencia en esta reuni\u00f3n de importantes autoridades p\u00fablicas tales como Maria Marighella, Presidenta de FUNARTE; Marcio Tavares (Secretario Ejecutivo del Ministerio de Cultura de Brasil); Leonardo Lessa, Director Ejecutivo de FUNARTE, el equipo completo de Directoras y Directores de FUNARTE y de Karen Millan, Viceministra del Ministerio del Poder Popular para la Cultura de Venezuela.<\/p>\n<p>&nbsp;<\/p>\n","protected":false},"excerpt":{"rendered":"<p>Con la presencia de representantes de Argentina, Brasil, Chile, Colombia, Costa Rica, Cuba, Ecuador, M\u00e9xico, Panam\u00e1, Paraguay, Per\u00fa, Portugal, Uruguay, Venezuela y SEGIB (Secretar\u00eda General Iberoamericana) se desarroll\u00f3, entre los d\u00edas 25 y 28 de abril, la XX Reuni\u00f3n de Consejo Intergubernamental del Programa Iberm\u00fasicas. &nbsp; En este encuentro se evaluaron los resultados de las [&hellip;]<\/p>\n","protected":false},"author":7,"featured_media":15342,"comment_status":"closed","ping_status":"closed","sticky":false,"template":"","format":"standard","meta":{"footnotes":""},"categories":[53],"tags":[],"class_list":["post-15341","post","type-post","status-publish","format-standard","has-post-thumbnail","hentry","category-noticias-generales"],"lang":"es","translations":{"es":15341,"pt":15344},"pll_sync_post":[],"post_mailing_queue_ids":[],"_links":{"self":[{"href":"http:\/\/staging.ibermusicas.org\/index.php\/wp-json\/wp\/v2\/posts\/15341","targetHints":{"allow":["GET"]}}],"collection":[{"href":"http:\/\/staging.ibermusicas.org\/index.php\/wp-json\/wp\/v2\/posts"}],"about":[{"href":"http:\/\/staging.ibermusicas.org\/index.php\/wp-json\/wp\/v2\/types\/post"}],"author":[{"embeddable":true,"href":"http:\/\/staging.ibermusicas.org\/index.php\/wp-json\/wp\/v2\/users\/7"}],"replies":[{"embeddable":true,"href":"http:\/\/staging.ibermusicas.org\/index.php\/wp-json\/wp\/v2\/comments?post=15341"}],"version-history":[{"count":1,"href":"http:\/\/staging.ibermusicas.org\/index.php\/wp-json\/wp\/v2\/posts\/15341\/revisions"}],"predecessor-version":[{"id":15343,"href":"http:\/\/staging.ibermusicas.org\/index.php\/wp-json\/wp\/v2\/posts\/15341\/revisions\/15343"}],"wp:featuredmedia":[{"embeddable":true,"href":"http:\/\/staging.ibermusicas.org\/index.php\/wp-json\/wp\/v2\/media\/15342"}],"wp:attachment":[{"href":"http:\/\/staging.ibermusicas.org\/index.php\/wp-json\/wp\/v2\/media?parent=15341"}],"wp:term":[{"taxonomy":"category","embeddable":true,"href":"http:\/\/staging.ibermusicas.org\/index.php\/wp-json\/wp\/v2\/categories?post=15341"},{"taxonomy":"post_tag","embeddable":true,"href":"http:\/\/staging.ibermusicas.org\/index.php\/wp-json\/wp\/v2\/tags?post=15341"}],"curies":[{"name":"wp","href":"https:\/\/api.w.org\/{rel}","templated":true}]}}