{"id":15355,"date":"2023-05-02T18:15:32","date_gmt":"2023-05-02T18:15:32","guid":{"rendered":"http:\/\/staging.ibermusicas.org\/?p=15355"},"modified":"2023-06-01T12:50:45","modified_gmt":"2023-06-01T12:50:45","slug":"henrique-albino-quartet-presenta-tronxa-music-improvisacion-e-inmersion","status":"publish","type":"post","link":"http:\/\/staging.ibermusicas.org\/index.php\/henrique-albino-quartet-presenta-tronxa-music-improvisacion-e-inmersion\/","title":{"rendered":"Henrique Albino Quartet presenta \u201cTronxa Music &#8211; Improvisaci\u00f3n e Inmersi\u00f3n\u201d"},"content":{"rendered":"<p>El espect\u00e1culo \u00abTronxa Music\u00bb invita al p\u00fablico a ser parte de la composici\u00f3n, construyendo una presentaci\u00f3n musical en la que la interacci\u00f3n con el p\u00fablico ocupa el lugar principal. Promoviendo una inmersi\u00f3n participativa del p\u00fablico, esta interacci\u00f3n tambi\u00e9n estimula otro desaf\u00edo para el cuarteto en medio de la exploraci\u00f3n de polirritmias y politonalismos del repertorio autoral. Estos elementos compositivos son trabajados junto a los lenguajes de la m\u00fasica pernambucana, como frevo, bai\u00e3o, ciranda, caboclinho, maracat\u00fa y coco. Es el acto de ser pernambucano en busca de los l\u00edmites de la creatividad, entrelazando las complejidades de la m\u00fasica tradicional, la m\u00fasica contempor\u00e1nea y el jazz<\/p>\n<p>&nbsp;<\/p>\n<p>Nacido en Recife y criado en Olinda, Henrique Albino es compositor, arreglista, multiinstrumentista, educador, investigador y productor musical. M\u00fasico de la nueva generaci\u00f3n pernambucana, su bandera es la renovaci\u00f3n y la innovaci\u00f3n a partir de elementos tradicionales de la m\u00fasica de su estado y de teor\u00edas avanzadas de la composici\u00f3n contempor\u00e1nea, que van del dodecafonismo al aboio y del jazz pernambucano a la m\u00fasica electr\u00f3nica.<\/p>\n<p>&nbsp;<\/p>\n<p>Henrique Albino acumula colaboraciones y participaciones con Hermeto Pascoal, Itiber\u00ea Zwarg, Letieres Leite, Faf\u00e1 de Bel\u00e9m, Spok Frevo Orchestra, Lia de Itamarac\u00e1, O Teatro M\u00e1gico, Connection Berlin, Isadora Melo, Armando L\u00f4bo, Henrique Dias Orchestra, Z\u00e9 Manoel, C\u00e9sar Michiles, entre otros nacionales y artistas internacionales.<\/p>\n<p>&nbsp;<\/p>\n<p>El \u00e1lbum debut de Henrique Albino, \u00abM\u00fasica Tronxa\u00bb fue lanzado en 2021 y presenta un nuevo concepto para analizar canciones que unen la intuici\u00f3n y las matem\u00e1ticas para generar nuevas sensaciones. El \u00e1lbum combina las ra\u00edces musicales de Pernambuco con la libertad expresiva del jazz, demostrando el vasto dominio del material musical de Albino, el arte de vanguardia y la b\u00fasqueda incesante de lo no convencional<\/p>\n<p>&nbsp;<\/p>\n<p><em>\u201cCre\u00e9 el t\u00e9rmino Tronxo con una &#8216;X&#8217; para diferenciar el significado. Hacer Tronxa Music requiere fundamento y profundidad. Los sonidos que tenemos aqu\u00ed en Pernambuco son la base para crear esta complejidad, desarrollando mi propia manera de innovar. Es como unir diferentes pensamientos para generar nuevos sonidos\u201d.<\/em><\/p>\n<p>&nbsp;<\/p>\n<p>Formaci\u00f3n del grupo: Henrique Albino \u2013 Saxo, Felipe Costta \u2013 Acorde\u00f3n,\u00a0 Filipe de Lima \u2013 Bajo, y\u00a0 Silva Barros \u2013 Bater\u00eda<\/p>\n<p>&nbsp;<\/p>\n<p>Del 30 de abril al 16 de junio, Universidad de Aveiro, Portugal<\/p>\n","protected":false},"excerpt":{"rendered":"<p>El espect\u00e1culo \u00abTronxa Music\u00bb invita al p\u00fablico a ser parte de la composici\u00f3n, construyendo una presentaci\u00f3n musical en la que la interacci\u00f3n con el p\u00fablico ocupa el lugar principal. Promoviendo una inmersi\u00f3n participativa del p\u00fablico, esta interacci\u00f3n tambi\u00e9n estimula otro desaf\u00edo para el cuarteto en medio de la exploraci\u00f3n de polirritmias y politonalismos del repertorio [&hellip;]<\/p>\n","protected":false},"author":7,"featured_media":15356,"comment_status":"closed","ping_status":"closed","sticky":false,"template":"","format":"standard","meta":{"footnotes":""},"categories":[53],"tags":[],"class_list":["post-15355","post","type-post","status-publish","format-standard","has-post-thumbnail","hentry","category-noticias-generales"],"lang":"es","translations":{"es":15355,"pt":15358},"pll_sync_post":[],"post_mailing_queue_ids":[],"_links":{"self":[{"href":"http:\/\/staging.ibermusicas.org\/index.php\/wp-json\/wp\/v2\/posts\/15355","targetHints":{"allow":["GET"]}}],"collection":[{"href":"http:\/\/staging.ibermusicas.org\/index.php\/wp-json\/wp\/v2\/posts"}],"about":[{"href":"http:\/\/staging.ibermusicas.org\/index.php\/wp-json\/wp\/v2\/types\/post"}],"author":[{"embeddable":true,"href":"http:\/\/staging.ibermusicas.org\/index.php\/wp-json\/wp\/v2\/users\/7"}],"replies":[{"embeddable":true,"href":"http:\/\/staging.ibermusicas.org\/index.php\/wp-json\/wp\/v2\/comments?post=15355"}],"version-history":[{"count":1,"href":"http:\/\/staging.ibermusicas.org\/index.php\/wp-json\/wp\/v2\/posts\/15355\/revisions"}],"predecessor-version":[{"id":15357,"href":"http:\/\/staging.ibermusicas.org\/index.php\/wp-json\/wp\/v2\/posts\/15355\/revisions\/15357"}],"wp:featuredmedia":[{"embeddable":true,"href":"http:\/\/staging.ibermusicas.org\/index.php\/wp-json\/wp\/v2\/media\/15356"}],"wp:attachment":[{"href":"http:\/\/staging.ibermusicas.org\/index.php\/wp-json\/wp\/v2\/media?parent=15355"}],"wp:term":[{"taxonomy":"category","embeddable":true,"href":"http:\/\/staging.ibermusicas.org\/index.php\/wp-json\/wp\/v2\/categories?post=15355"},{"taxonomy":"post_tag","embeddable":true,"href":"http:\/\/staging.ibermusicas.org\/index.php\/wp-json\/wp\/v2\/tags?post=15355"}],"curies":[{"name":"wp","href":"https:\/\/api.w.org\/{rel}","templated":true}]}}