{"id":15358,"date":"2023-05-02T18:17:36","date_gmt":"2023-05-02T18:17:36","guid":{"rendered":"http:\/\/staging.ibermusicas.org\/?p=15358"},"modified":"2023-06-01T13:30:11","modified_gmt":"2023-06-01T13:30:11","slug":"henrique-albino-quarteto-apresenta-musica-tronxa-improvisacao-e-imersao","status":"publish","type":"post","link":"http:\/\/staging.ibermusicas.org\/index.php\/henrique-albino-quarteto-apresenta-musica-tronxa-improvisacao-e-imersao\/","title":{"rendered":"Henrique Albino Quarteto apresenta \u201cM\u00fasica Tronxa &#8211; Improvisa\u00e7\u00e3o e Imers\u00e3o\u201d"},"content":{"rendered":"<p>O show \u00abM\u00fasica Tronxa\u00bb convida o p\u00fablico presente a fazer parte da composi\u00e7\u00e3o, construindo uma apresenta\u00e7\u00e3o musical na qual a intera\u00e7\u00e3o com a plateia assume o lugar principal. Promovendo uma imers\u00e3o participativa do p\u00fablico, essa intera\u00e7\u00e3o tamb\u00e9m estimula mais um desafio ao quarteto em meio \u00e0 explora\u00e7\u00e3o de polirritmias e politonalismos do repert\u00f3rio autoral. Estes elementos composicionais s\u00e3o trabalhados em conjunto com as linguagens da m\u00fasica pernambucana, como frevo, bai\u00e3o, ciranda, caboclinho, maracat\u00fa e coco. \u00c9 o ato de ser pernambucano em busca dos limites da criatividade, entrela\u00e7ando as complexidades da m\u00fasica tradicional, da m\u00fasica contempor\u00e2nea e do jazz<\/p>\n<p>&nbsp;<\/p>\n<p>Nascido no Recife e criado em Olinda, Henrique Albino \u00e9 compositor, arranjador, multi-instrumentista, educador, pesquisador e produtor musical. M\u00fasico da nova gera\u00e7\u00e3o pernambucana, tem como estandarte a renova\u00e7\u00e3o e inova\u00e7\u00e3o baseada nos elementos tradicionais da m\u00fasica de seu estado e em teorias avan\u00e7adas de composi\u00e7\u00e3o contempor\u00e2nea, passeando do dodecafonismo ao aboio e do jazz pernambucano \u00e0 m\u00fasica eletr\u00f4nica<\/p>\n<p>&nbsp;<\/p>\n<p>Henrique Albino Acumula colabora\u00e7\u00f5es e participa\u00e7\u00f5es com Hermeto Pascoal, Itiber\u00ea Zwarg, Letieres Leite, Faf\u00e1 de Bel\u00e9m, Spok Frevo Orquestra, Lia de Itamarac\u00e1, O Teatro M\u00e1gico, Conex\u00e3o Berlin, Isadora Melo, Armando L\u00f4bo, Orquestra Henrique Dias, Z\u00e9 Manoel, C\u00e9sar Michiles, entre outros artistas nacionais e internacionais.<\/p>\n<p>&nbsp;<\/p>\n<p>Disco de estreia de Henrique Albino, \u00abM\u00fasica Tronxa\u00bb foi lan\u00e7ado em 2021 e apresenta um novo conceito para analisar as m\u00fasicas que unem a intui\u00e7\u00e3o e a matem\u00e1tica para gerar novas sensa\u00e7\u00f5es. O \u00e1lbum articula as ra\u00edzes musicais pernambucanas com a liberdade expressiva do jazz, demonstrando o vasto dom\u00ednio do material musical, a artisticidade vanguardista e a busca incessante de Albino pelo inconvencional<\/p>\n<p>&nbsp;<\/p>\n<p><em>\u201cCriei o termo Tronxo com &#8216;X&#8217; para diferenciar o significado. Fazer M\u00fasica Tronxa exige fundamenta\u00e7\u00e3o e profundidade. Os sons que temos aqui em Pernambuco s\u00e3o as bases para criar essa complexidade, desenvolver minha pr\u00f3pria forma de inovar. \u00c9 como unir pensamentos diferentes para gerar novos sons\u201d.<\/em><\/p>\n<p>&nbsp;<\/p>\n<p>Forma\u00e7\u00e3o do grupo: Henrique Albino \u2013 Sax, Felipe Costta \u2013 Sanfona,\u00a0 Filipe de Lima \u2013 Baixo e Silva Barros \u2013 Bateria<\/p>\n<p>&nbsp;<\/p>\n<p>De 30 de abril a 16 de junho, Universidade de Aveiro, Portugal<\/p>\n","protected":false},"excerpt":{"rendered":"<p>O show \u00abM\u00fasica Tronxa\u00bb convida o p\u00fablico presente a fazer parte da composi\u00e7\u00e3o, construindo uma apresenta\u00e7\u00e3o musical na qual a intera\u00e7\u00e3o com a plateia assume o lugar principal. Promovendo uma imers\u00e3o participativa do p\u00fablico, essa intera\u00e7\u00e3o tamb\u00e9m estimula mais um desafio ao quarteto em meio \u00e0 explora\u00e7\u00e3o de polirritmias e politonalismos do repert\u00f3rio autoral. Estes [&hellip;]<\/p>\n","protected":false},"author":7,"featured_media":15356,"comment_status":"closed","ping_status":"closed","sticky":false,"template":"","format":"standard","meta":{"footnotes":""},"categories":[218],"tags":[],"class_list":["post-15358","post","type-post","status-publish","format-standard","has-post-thumbnail","hentry","category-noticias-generales-pt"],"lang":"pt","translations":{"pt":15358,"es":15355},"pll_sync_post":[],"post_mailing_queue_ids":[],"_links":{"self":[{"href":"http:\/\/staging.ibermusicas.org\/index.php\/wp-json\/wp\/v2\/posts\/15358","targetHints":{"allow":["GET"]}}],"collection":[{"href":"http:\/\/staging.ibermusicas.org\/index.php\/wp-json\/wp\/v2\/posts"}],"about":[{"href":"http:\/\/staging.ibermusicas.org\/index.php\/wp-json\/wp\/v2\/types\/post"}],"author":[{"embeddable":true,"href":"http:\/\/staging.ibermusicas.org\/index.php\/wp-json\/wp\/v2\/users\/7"}],"replies":[{"embeddable":true,"href":"http:\/\/staging.ibermusicas.org\/index.php\/wp-json\/wp\/v2\/comments?post=15358"}],"version-history":[{"count":1,"href":"http:\/\/staging.ibermusicas.org\/index.php\/wp-json\/wp\/v2\/posts\/15358\/revisions"}],"predecessor-version":[{"id":15359,"href":"http:\/\/staging.ibermusicas.org\/index.php\/wp-json\/wp\/v2\/posts\/15358\/revisions\/15359"}],"wp:featuredmedia":[{"embeddable":true,"href":"http:\/\/staging.ibermusicas.org\/index.php\/wp-json\/wp\/v2\/media\/15356"}],"wp:attachment":[{"href":"http:\/\/staging.ibermusicas.org\/index.php\/wp-json\/wp\/v2\/media?parent=15358"}],"wp:term":[{"taxonomy":"category","embeddable":true,"href":"http:\/\/staging.ibermusicas.org\/index.php\/wp-json\/wp\/v2\/categories?post=15358"},{"taxonomy":"post_tag","embeddable":true,"href":"http:\/\/staging.ibermusicas.org\/index.php\/wp-json\/wp\/v2\/tags?post=15358"}],"curies":[{"name":"wp","href":"https:\/\/api.w.org\/{rel}","templated":true}]}}