{"id":15360,"date":"2023-05-02T18:20:32","date_gmt":"2023-05-02T18:20:32","guid":{"rendered":"http:\/\/staging.ibermusicas.org\/?p=15360"},"modified":"2023-06-01T12:51:02","modified_gmt":"2023-06-01T12:51:02","slug":"desde-argentina-llega-el-podcast-derecho-a-la-musica","status":"publish","type":"post","link":"http:\/\/staging.ibermusicas.org\/index.php\/desde-argentina-llega-el-podcast-derecho-a-la-musica\/","title":{"rendered":"Desde Argentina llega el podcast Derecho a la M\u00fasica"},"content":{"rendered":"<p>Cinco episodios para escuchar desde distintos puntos de vista, desde experiencias dis\u00edmiles, \u00bfc\u00f3mo hacen las m\u00fasicas y los m\u00fasicos para sostener sus proyectos y su vida alrededor de su profesi\u00f3n? \u00bfD\u00f3nde se pone el eje de la producci\u00f3n musical y el arte, frente a necesidades econ\u00f3micas, profesionales o coyunturales? Se esfuerza la m\u00e1quina\u2026 \u00bfy el cantante con los m\u00fasicos, se juegan la vida?<\/p>\n<p>&nbsp;<\/p>\n<p>Episodio 1 \u2013 Edu Schmidt. Ex cantante y compositor de \u00c1rbol. Una banda emblema del rock joven de los 90\u2019. Solista y productor. Nueve discos editados y m\u00faltiples simples. Cocinero y gestor de sus proyectos.<\/p>\n<p>&nbsp;<\/p>\n<p>Episodio 2 \u2013 Angie y La Diferencia. Cantante y compositora solista. Reconocida en el ambiente tropical, dos discos editados durante los 90 y con un recorrido de bailes, eventos y fiestas sin descanso.<\/p>\n<p>&nbsp;<\/p>\n<p>Episodio 3 \u2013 Emanuel Ntaka. Cantante y compositor solista. Ex integrante de Mambr\u00fa. Activista por los derechos de los Afroargentinos. Fue parte del mainstream al igual que la autogesti\u00f3n.<\/p>\n<p>&nbsp;<\/p>\n<p>Episodio 4 \u2013 Bruno Arias. Cantante y compositor solista. Referente del Folklore. Siete discos editados y m\u00faltiples simples para sellos discogr\u00e1ficos y tambi\u00e9n de manera independiente.<\/p>\n<p>&nbsp;<\/p>\n<p>&nbsp;<\/p>\n<p>A partir del 1ero de mayo, todas la semanas, cada lunes, un episodio nuevo<\/p>\n<p><a href=\"https:\/\/www.youtube.com\/@nicogort\">https:\/\/www.youtube.com\/@nicogort<\/a><\/p>\n<p><a href=\"https:\/\/open.spotify.com\/show\/2L0bB4NYiKq7akS66ukMdb\">https:\/\/open.spotify.com\/show\/2L0bB4NYiKq7akS66ukMdb<\/a><\/p>\n<p><a href=\"https:\/\/www.instagram.com\/nicogort\/\">https:\/\/www.instagram.com\/nicogort\/<\/a><\/p>\n","protected":false},"excerpt":{"rendered":"<p>Cinco episodios para escuchar desde distintos puntos de vista, desde experiencias dis\u00edmiles, \u00bfc\u00f3mo hacen las m\u00fasicas y los m\u00fasicos para sostener sus proyectos y su vida alrededor de su profesi\u00f3n? \u00bfD\u00f3nde se pone el eje de la producci\u00f3n musical y el arte, frente a necesidades econ\u00f3micas, profesionales o coyunturales? Se esfuerza la m\u00e1quina\u2026 \u00bfy el [&hellip;]<\/p>\n","protected":false},"author":7,"featured_media":15361,"comment_status":"closed","ping_status":"closed","sticky":false,"template":"","format":"standard","meta":{"footnotes":""},"categories":[53],"tags":[],"class_list":["post-15360","post","type-post","status-publish","format-standard","has-post-thumbnail","hentry","category-noticias-generales"],"lang":"es","translations":{"es":15360,"pt":15363},"pll_sync_post":[],"post_mailing_queue_ids":[],"_links":{"self":[{"href":"http:\/\/staging.ibermusicas.org\/index.php\/wp-json\/wp\/v2\/posts\/15360","targetHints":{"allow":["GET"]}}],"collection":[{"href":"http:\/\/staging.ibermusicas.org\/index.php\/wp-json\/wp\/v2\/posts"}],"about":[{"href":"http:\/\/staging.ibermusicas.org\/index.php\/wp-json\/wp\/v2\/types\/post"}],"author":[{"embeddable":true,"href":"http:\/\/staging.ibermusicas.org\/index.php\/wp-json\/wp\/v2\/users\/7"}],"replies":[{"embeddable":true,"href":"http:\/\/staging.ibermusicas.org\/index.php\/wp-json\/wp\/v2\/comments?post=15360"}],"version-history":[{"count":1,"href":"http:\/\/staging.ibermusicas.org\/index.php\/wp-json\/wp\/v2\/posts\/15360\/revisions"}],"predecessor-version":[{"id":15362,"href":"http:\/\/staging.ibermusicas.org\/index.php\/wp-json\/wp\/v2\/posts\/15360\/revisions\/15362"}],"wp:featuredmedia":[{"embeddable":true,"href":"http:\/\/staging.ibermusicas.org\/index.php\/wp-json\/wp\/v2\/media\/15361"}],"wp:attachment":[{"href":"http:\/\/staging.ibermusicas.org\/index.php\/wp-json\/wp\/v2\/media?parent=15360"}],"wp:term":[{"taxonomy":"category","embeddable":true,"href":"http:\/\/staging.ibermusicas.org\/index.php\/wp-json\/wp\/v2\/categories?post=15360"},{"taxonomy":"post_tag","embeddable":true,"href":"http:\/\/staging.ibermusicas.org\/index.php\/wp-json\/wp\/v2\/tags?post=15360"}],"curies":[{"name":"wp","href":"https:\/\/api.w.org\/{rel}","templated":true}]}}