{"id":15363,"date":"2023-05-02T18:22:12","date_gmt":"2023-05-02T18:22:12","guid":{"rendered":"http:\/\/staging.ibermusicas.org\/?p=15363"},"modified":"2023-06-01T13:29:51","modified_gmt":"2023-06-01T13:29:51","slug":"da-argentina-chega-o-podcast-derecho-a-la-musica","status":"publish","type":"post","link":"http:\/\/staging.ibermusicas.org\/index.php\/da-argentina-chega-o-podcast-derecho-a-la-musica\/","title":{"rendered":"Da Argentina chega o podcast Derecho a la M\u00fasica"},"content":{"rendered":"<p>Cinco epis\u00f3dios para ouvir de diferentes pontos de vista, de experi\u00eancias d\u00edspares, como os m\u00fasicos sustentam seus projetos e suas vidas em torno de sua profiss\u00e3o. Onde est\u00e1 o eixo da produ\u00e7\u00e3o musical e da arte, a face \u00e0s necessidades econ\u00f4micas, profissionais ou circunstanciais? A m\u00e1quina faz um esfor\u00e7o\u2026 e o cantor com os m\u00fasicos, arriscam a vida?<\/p>\n<p>&nbsp;<\/p>\n<p>Epis\u00f3dio 1 \u2013 Edu Schmidt. Ex-cantor e compositor de \u00c1rbol. Uma banda emblem\u00e1tica do rock jovem dos anos 90 em Argentina. Solista e produtor. Nove \u00e1lbuns lan\u00e7ados e v\u00e1rios singles. Chef e gerente de seus projetos.<\/p>\n<p>&nbsp;<\/p>\n<p>Epis\u00f3dio 2 \u2013 Angie e a Diferen\u00e7a. Cantora e compositora sola. Reconhecida no meio tropical, dois discos lan\u00e7ados durante a d\u00e9cada de 90 e com um percurso de bailes, eventos e festas sem descanso.<\/p>\n<p>&nbsp;<\/p>\n<p>Epis\u00f3dio 3 \u2013 Emanuel Ntaka. Cantor e compositor solo. Ex-integrante do Mambr\u00fa. Ativista pelos direitos dos afro-argentinos. Fazia parte do mainstream, assim como a autogest\u00e3o.<\/p>\n<p>&nbsp;<\/p>\n<p>Epis\u00f3dio 4 \u2013 Bruno Arias. Cantor e compositor solo. Refer\u00eancia folcl\u00f3rica. Sete \u00e1lbuns lan\u00e7ados e v\u00e1rios singles para gravadoras e tamb\u00e9m de forma independente.<\/p>\n<p>&nbsp;<\/p>\n<p>A partir de 1\u00ba de maio, toda semana, toda segunda-feira, um novo epis\u00f3dio<\/p>\n<p><a href=\"https:\/\/www.youtube.com\/@nicogort\">https:\/\/www.youtube.com\/@nicogort<\/a><\/p>\n<p><a href=\"https:\/\/open.spotify.com\/show\/2L0bB4NYiKq7akS66ukMdb\">https:\/\/open.spotify.com\/show\/2L0bB4NYiKq7akS66ukMdb<\/a><\/p>\n<p><a href=\"https:\/\/www.instagram.com\/nicogort\/\">https:\/\/www.instagram.com\/nicogort\/<\/a><\/p>\n","protected":false},"excerpt":{"rendered":"<p>Cinco epis\u00f3dios para ouvir de diferentes pontos de vista, de experi\u00eancias d\u00edspares, como os m\u00fasicos sustentam seus projetos e suas vidas em torno de sua profiss\u00e3o. Onde est\u00e1 o eixo da produ\u00e7\u00e3o musical e da arte, a face \u00e0s necessidades econ\u00f4micas, profissionais ou circunstanciais? A m\u00e1quina faz um esfor\u00e7o\u2026 e o cantor com os m\u00fasicos, [&hellip;]<\/p>\n","protected":false},"author":7,"featured_media":15361,"comment_status":"closed","ping_status":"closed","sticky":false,"template":"","format":"standard","meta":{"footnotes":""},"categories":[218],"tags":[],"class_list":["post-15363","post","type-post","status-publish","format-standard","has-post-thumbnail","hentry","category-noticias-generales-pt"],"lang":"pt","translations":{"pt":15363,"es":15360},"pll_sync_post":[],"post_mailing_queue_ids":[],"_links":{"self":[{"href":"http:\/\/staging.ibermusicas.org\/index.php\/wp-json\/wp\/v2\/posts\/15363","targetHints":{"allow":["GET"]}}],"collection":[{"href":"http:\/\/staging.ibermusicas.org\/index.php\/wp-json\/wp\/v2\/posts"}],"about":[{"href":"http:\/\/staging.ibermusicas.org\/index.php\/wp-json\/wp\/v2\/types\/post"}],"author":[{"embeddable":true,"href":"http:\/\/staging.ibermusicas.org\/index.php\/wp-json\/wp\/v2\/users\/7"}],"replies":[{"embeddable":true,"href":"http:\/\/staging.ibermusicas.org\/index.php\/wp-json\/wp\/v2\/comments?post=15363"}],"version-history":[{"count":1,"href":"http:\/\/staging.ibermusicas.org\/index.php\/wp-json\/wp\/v2\/posts\/15363\/revisions"}],"predecessor-version":[{"id":15364,"href":"http:\/\/staging.ibermusicas.org\/index.php\/wp-json\/wp\/v2\/posts\/15363\/revisions\/15364"}],"wp:featuredmedia":[{"embeddable":true,"href":"http:\/\/staging.ibermusicas.org\/index.php\/wp-json\/wp\/v2\/media\/15361"}],"wp:attachment":[{"href":"http:\/\/staging.ibermusicas.org\/index.php\/wp-json\/wp\/v2\/media?parent=15363"}],"wp:term":[{"taxonomy":"category","embeddable":true,"href":"http:\/\/staging.ibermusicas.org\/index.php\/wp-json\/wp\/v2\/categories?post=15363"},{"taxonomy":"post_tag","embeddable":true,"href":"http:\/\/staging.ibermusicas.org\/index.php\/wp-json\/wp\/v2\/tags?post=15363"}],"curies":[{"name":"wp","href":"https:\/\/api.w.org\/{rel}","templated":true}]}}