{"id":15368,"date":"2023-05-02T18:26:01","date_gmt":"2023-05-02T18:26:01","guid":{"rendered":"http:\/\/staging.ibermusicas.org\/?p=15368"},"modified":"2023-06-01T13:29:42","modified_gmt":"2023-06-01T13:29:42","slug":"o-musico-chileno-tomas-gonzalez-realiza-o-concerto-de-encerramento-do-seu-projeto-especializacao-em-estilos-tradicionais-do-nordeste-brasileiro","status":"publish","type":"post","link":"http:\/\/staging.ibermusicas.org\/index.php\/o-musico-chileno-tomas-gonzalez-realiza-o-concerto-de-encerramento-do-seu-projeto-especializacao-em-estilos-tradicionais-do-nordeste-brasileiro\/","title":{"rendered":"O m\u00fasico chileno Tom\u00e1s Gonz\u00e1lez realiza o concerto de encerramento do seu projeto \u00abEspecializa\u00e7\u00e3o em Estilos Tradicionais do Nordeste Brasileiro\u00bb"},"content":{"rendered":"<p>Com um concerto e uma palestra, Tom\u00e1s Gonz\u00e1lez apresenta o resultado da sua resid\u00eancia de especializa\u00e7\u00e3o no Brasil em estilos tradicionais do Nordeste brasileiro na \u00abEscrevedeira\u00bb em S\u00e3o Paulo, Brasil. Ca\u00e7apa estar\u00e1 presente como m\u00fasico convidado. Em simult\u00e2neo, o concerto ser\u00e1 transmitido no instagram.<\/p>\n<p>&nbsp;<\/p>\n<p>&nbsp;<\/p>\n<p>Quarta-feira, 3 de Maio, na Escrevedeira &#8211; Centro Cultural Liter\u00e1rio em Rua Isabel de Castela, 141, Vila Madalena, S\u00e3o Paulo, Brasil e no instagram: @musicadetom<\/p>\n","protected":false},"excerpt":{"rendered":"<p>Com um concerto e uma palestra, Tom\u00e1s Gonz\u00e1lez apresenta o resultado da sua resid\u00eancia de especializa\u00e7\u00e3o no Brasil em estilos tradicionais do Nordeste brasileiro na \u00abEscrevedeira\u00bb em S\u00e3o Paulo, Brasil. Ca\u00e7apa estar\u00e1 presente como m\u00fasico convidado. Em simult\u00e2neo, o concerto ser\u00e1 transmitido no instagram. &nbsp; &nbsp; Quarta-feira, 3 de Maio, na Escrevedeira &#8211; Centro Cultural [&hellip;]<\/p>\n","protected":false},"author":7,"featured_media":15366,"comment_status":"closed","ping_status":"closed","sticky":false,"template":"","format":"standard","meta":{"footnotes":""},"categories":[218],"tags":[],"class_list":["post-15368","post","type-post","status-publish","format-standard","has-post-thumbnail","hentry","category-noticias-generales-pt"],"lang":"pt","translations":{"pt":15368,"es":15365},"pll_sync_post":[],"post_mailing_queue_ids":[],"_links":{"self":[{"href":"http:\/\/staging.ibermusicas.org\/index.php\/wp-json\/wp\/v2\/posts\/15368","targetHints":{"allow":["GET"]}}],"collection":[{"href":"http:\/\/staging.ibermusicas.org\/index.php\/wp-json\/wp\/v2\/posts"}],"about":[{"href":"http:\/\/staging.ibermusicas.org\/index.php\/wp-json\/wp\/v2\/types\/post"}],"author":[{"embeddable":true,"href":"http:\/\/staging.ibermusicas.org\/index.php\/wp-json\/wp\/v2\/users\/7"}],"replies":[{"embeddable":true,"href":"http:\/\/staging.ibermusicas.org\/index.php\/wp-json\/wp\/v2\/comments?post=15368"}],"version-history":[{"count":1,"href":"http:\/\/staging.ibermusicas.org\/index.php\/wp-json\/wp\/v2\/posts\/15368\/revisions"}],"predecessor-version":[{"id":15369,"href":"http:\/\/staging.ibermusicas.org\/index.php\/wp-json\/wp\/v2\/posts\/15368\/revisions\/15369"}],"wp:featuredmedia":[{"embeddable":true,"href":"http:\/\/staging.ibermusicas.org\/index.php\/wp-json\/wp\/v2\/media\/15366"}],"wp:attachment":[{"href":"http:\/\/staging.ibermusicas.org\/index.php\/wp-json\/wp\/v2\/media?parent=15368"}],"wp:term":[{"taxonomy":"category","embeddable":true,"href":"http:\/\/staging.ibermusicas.org\/index.php\/wp-json\/wp\/v2\/categories?post=15368"},{"taxonomy":"post_tag","embeddable":true,"href":"http:\/\/staging.ibermusicas.org\/index.php\/wp-json\/wp\/v2\/tags?post=15368"}],"curies":[{"name":"wp","href":"https:\/\/api.w.org\/{rel}","templated":true}]}}