{"id":15373,"date":"2023-05-02T18:44:08","date_gmt":"2023-05-02T18:44:08","guid":{"rendered":"http:\/\/staging.ibermusicas.org\/?p=15373"},"modified":"2023-06-01T13:29:33","modified_gmt":"2023-06-01T13:29:33","slug":"femnoise-hub-incubando-agentes-de-mudanca-para-a-industria-fonografica-ibero-americana-estara-presente-na-edicao-colombiana-do-bime","status":"publish","type":"post","link":"http:\/\/staging.ibermusicas.org\/index.php\/femnoise-hub-incubando-agentes-de-mudanca-para-a-industria-fonografica-ibero-americana-estara-presente-na-edicao-colombiana-do-bime\/","title":{"rendered":"Femnoise Hub: Incubando agentes de mudan\u00e7a para a ind\u00fastria fonogr\u00e1fica ibero-americana estar\u00e1 presente na edi\u00e7\u00e3o colombiana do BIME"},"content":{"rendered":"<p>Femnoise Hub prop\u00f5e solu\u00e7\u00f5es tecnol\u00f3gicas baseadas nos princ\u00edpios da Economia Digital Feminista para dar visibilidade e apoio ao trabalho de mulheres, pessoas trans e mulheres n\u00e3o bin\u00e1rias no ecossistema da m\u00fasica e cultura em todo o mundo, facilitando o acesso a novas oportunidades de neg\u00f3cios, sinergias globais combatendo a diferen\u00e7a de g\u00eanero.<\/p>\n<p>&nbsp;<\/p>\n<p>Buscam se tornar numa grande rede setorial de mulheres e pessoas n\u00e3o-bin\u00e1rias, fornecendo dados segmentados que permitam um trabalho de pesquisa e melhoria cont\u00ednua. Sempre com um ouvido ativo para o desenvolvimento futuro.<\/p>\n<p>&nbsp;<\/p>\n<p>Natalia Sanjuan e Rosario Salas, co-diretoras da Associa\u00e7\u00e3o Femnoise estar\u00e3o presentes na edi\u00e7\u00e3o 2023 do BIME em Bogot\u00e1, Col\u00f4mbia.<\/p>\n<p>&nbsp;<\/p>\n<p>O BIME \u00e9 um dos festivais de confer\u00eancias mais importantes da Europa na \u00e1rea da m\u00fasica, tecnologia e empreendedorismo. Desde 2022, o BIME conta com uma segunda sede em Bogot\u00e1, passando a ter duas edi\u00e7\u00f5es por ano, al\u00e9m de contar com uma plataforma online, sendo um ponto de encontro de profissionais do setor ao longo do ano. Em suas onze edi\u00e7\u00f5es at\u00e9 agora, o BIME recebeu executivos e vision\u00e1rios de todo o mundo para fazer networking, explorar novas ideias e conhecer delegados que normalmente n\u00e3o participariam de outras confer\u00eancias.<\/p>\n<p>&nbsp;<\/p>\n<p>O BIME est\u00e1 focado em tr\u00eas objetivos principais:<\/p>\n<ol>\n<li>Ser o principal ponto de encontro de executivos europeus e latino-americanos.<\/li>\n<li>Explorar novas ideias e formas de colabora\u00e7\u00e3o para descobrir e capitalizar novas oportunidades de receita.<\/li>\n<li>Promover a inova\u00e7\u00e3o e potencializar o talento nas ind\u00fastrias criativas.<\/li>\n<\/ol>\n<p>&nbsp;<\/p>\n<p>De 3 a 6 de maio no BIME Bogot\u00e1, Col\u00f4mbia<\/p>\n","protected":false},"excerpt":{"rendered":"<p>Femnoise Hub prop\u00f5e solu\u00e7\u00f5es tecnol\u00f3gicas baseadas nos princ\u00edpios da Economia Digital Feminista para dar visibilidade e apoio ao trabalho de mulheres, pessoas trans e mulheres n\u00e3o bin\u00e1rias no ecossistema da m\u00fasica e cultura em todo o mundo, facilitando o acesso a novas oportunidades de neg\u00f3cios, sinergias globais combatendo a diferen\u00e7a de g\u00eanero. &nbsp; Buscam se [&hellip;]<\/p>\n","protected":false},"author":7,"featured_media":15371,"comment_status":"closed","ping_status":"closed","sticky":false,"template":"","format":"standard","meta":{"footnotes":""},"categories":[218],"tags":[],"class_list":["post-15373","post","type-post","status-publish","format-standard","has-post-thumbnail","hentry","category-noticias-generales-pt"],"lang":"pt","translations":{"pt":15373,"es":15370},"pll_sync_post":[],"post_mailing_queue_ids":[],"_links":{"self":[{"href":"http:\/\/staging.ibermusicas.org\/index.php\/wp-json\/wp\/v2\/posts\/15373","targetHints":{"allow":["GET"]}}],"collection":[{"href":"http:\/\/staging.ibermusicas.org\/index.php\/wp-json\/wp\/v2\/posts"}],"about":[{"href":"http:\/\/staging.ibermusicas.org\/index.php\/wp-json\/wp\/v2\/types\/post"}],"author":[{"embeddable":true,"href":"http:\/\/staging.ibermusicas.org\/index.php\/wp-json\/wp\/v2\/users\/7"}],"replies":[{"embeddable":true,"href":"http:\/\/staging.ibermusicas.org\/index.php\/wp-json\/wp\/v2\/comments?post=15373"}],"version-history":[{"count":1,"href":"http:\/\/staging.ibermusicas.org\/index.php\/wp-json\/wp\/v2\/posts\/15373\/revisions"}],"predecessor-version":[{"id":15374,"href":"http:\/\/staging.ibermusicas.org\/index.php\/wp-json\/wp\/v2\/posts\/15373\/revisions\/15374"}],"wp:featuredmedia":[{"embeddable":true,"href":"http:\/\/staging.ibermusicas.org\/index.php\/wp-json\/wp\/v2\/media\/15371"}],"wp:attachment":[{"href":"http:\/\/staging.ibermusicas.org\/index.php\/wp-json\/wp\/v2\/media?parent=15373"}],"wp:term":[{"taxonomy":"category","embeddable":true,"href":"http:\/\/staging.ibermusicas.org\/index.php\/wp-json\/wp\/v2\/categories?post=15373"},{"taxonomy":"post_tag","embeddable":true,"href":"http:\/\/staging.ibermusicas.org\/index.php\/wp-json\/wp\/v2\/tags?post=15373"}],"curies":[{"name":"wp","href":"https:\/\/api.w.org\/{rel}","templated":true}]}}