{"id":15375,"date":"2023-05-02T18:46:18","date_gmt":"2023-05-02T18:46:18","guid":{"rendered":"http:\/\/staging.ibermusicas.org\/?p=15375"},"modified":"2023-06-01T12:51:20","modified_gmt":"2023-06-01T12:51:20","slug":"el-supergrupo-brasileno-bala-desejo-formara-parte-del-cartel-de-bime-colombia","status":"publish","type":"post","link":"http:\/\/staging.ibermusicas.org\/index.php\/el-supergrupo-brasileno-bala-desejo-formara-parte-del-cartel-de-bime-colombia\/","title":{"rendered":"El supergrupo brasile\u00f1o Bala Desejo formar\u00e1 parte del cartel de BIME Colombia"},"content":{"rendered":"<p>Bala Desejo da nombre al evento-encuentro de los m\u00fasicos cariocas Dora Morelenbaum, Julia Mestre, Lucas Nunes y Z\u00e9 Ibarra. Amigos desde la escuela, los cuatro comenzaron a llamar la atenci\u00f3n luego de algunas participaciones en live tem\u00e1ticos en Instagram de la cantante Teresa Cristina. Este movimiento culmin\u00f3 con el lanzamiento del \u00e1lbum debut del grupo, titulado Sim Sim Sim, en el sello Coala Records.<\/p>\n<p>&nbsp;<\/p>\n<p>A partir de 2020, cada uno de los m\u00fasicos ha tomado un camino diferente en sus respectivas carreras musicales. Cada miembro experiment\u00f3 su propia soledad y proceso creativo durante el per\u00edodo de aislamiento. Cuando decidieron vivir juntos, la residencia se convirti\u00f3 en sin\u00f3nimo de inmersi\u00f3n, resultando en un sonido nost\u00e1lgico en la imaginaci\u00f3n del p\u00fablico brasile\u00f1o, pero vanguardista en la propuesta empaquetada.<\/p>\n<p>&nbsp;<\/p>\n<p>La realizaci\u00f3n de Bala Desejo como grupo se dio a partir de la invitaci\u00f3n del Festival Coala para que la banda formara parte del cartel de la edici\u00f3n 2021, pospuesta luego por la pandemia. Ante la imposibilidad del evento, surgi\u00f3 la idea de grabar un disco.<\/p>\n<p>&nbsp;<\/p>\n<p>El \u201cKombi do Bala\u201d naci\u00f3 en viajes entre R\u00edo de Janeiro y Minas Gerais y ahora anuncia al mundo el deseo de \u201crecarnaval\u201d.<\/p>\n<p>&nbsp;<\/p>\n<p>&nbsp;<\/p>\n<p>03 de mayo &#8211; Universidad de los Andes<\/p>\n<p>04 de mayo &#8211; BIME<\/p>\n","protected":false},"excerpt":{"rendered":"<p>Bala Desejo da nombre al evento-encuentro de los m\u00fasicos cariocas Dora Morelenbaum, Julia Mestre, Lucas Nunes y Z\u00e9 Ibarra. Amigos desde la escuela, los cuatro comenzaron a llamar la atenci\u00f3n luego de algunas participaciones en live tem\u00e1ticos en Instagram de la cantante Teresa Cristina. Este movimiento culmin\u00f3 con el lanzamiento del \u00e1lbum debut del grupo, [&hellip;]<\/p>\n","protected":false},"author":7,"featured_media":15376,"comment_status":"closed","ping_status":"closed","sticky":false,"template":"","format":"standard","meta":{"footnotes":""},"categories":[53],"tags":[],"class_list":["post-15375","post","type-post","status-publish","format-standard","has-post-thumbnail","hentry","category-noticias-generales"],"lang":"es","translations":{"es":15375,"pt":15378},"pll_sync_post":[],"post_mailing_queue_ids":[],"_links":{"self":[{"href":"http:\/\/staging.ibermusicas.org\/index.php\/wp-json\/wp\/v2\/posts\/15375","targetHints":{"allow":["GET"]}}],"collection":[{"href":"http:\/\/staging.ibermusicas.org\/index.php\/wp-json\/wp\/v2\/posts"}],"about":[{"href":"http:\/\/staging.ibermusicas.org\/index.php\/wp-json\/wp\/v2\/types\/post"}],"author":[{"embeddable":true,"href":"http:\/\/staging.ibermusicas.org\/index.php\/wp-json\/wp\/v2\/users\/7"}],"replies":[{"embeddable":true,"href":"http:\/\/staging.ibermusicas.org\/index.php\/wp-json\/wp\/v2\/comments?post=15375"}],"version-history":[{"count":1,"href":"http:\/\/staging.ibermusicas.org\/index.php\/wp-json\/wp\/v2\/posts\/15375\/revisions"}],"predecessor-version":[{"id":15377,"href":"http:\/\/staging.ibermusicas.org\/index.php\/wp-json\/wp\/v2\/posts\/15375\/revisions\/15377"}],"wp:featuredmedia":[{"embeddable":true,"href":"http:\/\/staging.ibermusicas.org\/index.php\/wp-json\/wp\/v2\/media\/15376"}],"wp:attachment":[{"href":"http:\/\/staging.ibermusicas.org\/index.php\/wp-json\/wp\/v2\/media?parent=15375"}],"wp:term":[{"taxonomy":"category","embeddable":true,"href":"http:\/\/staging.ibermusicas.org\/index.php\/wp-json\/wp\/v2\/categories?post=15375"},{"taxonomy":"post_tag","embeddable":true,"href":"http:\/\/staging.ibermusicas.org\/index.php\/wp-json\/wp\/v2\/tags?post=15375"}],"curies":[{"name":"wp","href":"https:\/\/api.w.org\/{rel}","templated":true}]}}