{"id":15378,"date":"2023-05-02T18:49:56","date_gmt":"2023-05-02T18:49:56","guid":{"rendered":"http:\/\/staging.ibermusicas.org\/?p=15378"},"modified":"2023-06-01T13:20:24","modified_gmt":"2023-06-01T13:20:24","slug":"o-supergrupo-brasileiro-bala-desejo-fara-parte-do-alinhamento-da-bime-colombia","status":"publish","type":"post","link":"http:\/\/staging.ibermusicas.org\/index.php\/o-supergrupo-brasileiro-bala-desejo-fara-parte-do-alinhamento-da-bime-colombia\/","title":{"rendered":"O supergrupo brasileiro Bala Desejo far\u00e1 parte do alinhamento da BIME Col\u00f4mbia"},"content":{"rendered":"<p>Bala Desejo nomeia o acontecimento-encontro dos m\u00fasicos cariocas Dora Morelenbaum, Julia Mestre, Lucas Nunes e Z\u00e9 Ibarra. Amigos desde a \u00e9poca da escola, os quatro come\u00e7aram a chamar aten\u00e7\u00e3o ap\u00f3s algumas participa\u00e7\u00f5es nas lives tem\u00e1ticas no Instagram da cantora Teresa Cristina. Tal movimenta\u00e7\u00e3o culminou no lan\u00e7amento do \u00e1lbum de estreia do grupo, intitulado Sim Sim Sim, pelo selo Coala Records.<\/p>\n<p>&nbsp;<\/p>\n<p>Em 2020, cada um dos m\u00fasicos seguia um caminho diferente em suas respectivas carreiras musicais. Cada integrante viveu a pr\u00f3pria solid\u00e3o e processo criativo no per\u00edodo de isolamento. Quando decidiram morar juntos, a resid\u00eancia virou sin\u00f4nimo de imers\u00e3o, resultando em uma sonoridade que se faz nost\u00e1lgica no imagin\u00e1rio do p\u00fablico brasileiro, mas de vanguarda na proposta embalada.<\/p>\n<p>&nbsp;<\/p>\n<p>A concretiza\u00e7\u00e3o de Bala Desejo como grupo veio a partir do convite do Coala Festival para que a banda integrasse o line-up da edi\u00e7\u00e3o de 2021, posteriormente adiada por conta da pandemia. Com a impossibilidade do evento, surgiu a ideia da grava\u00e7\u00e3o de um \u00e1lbum.<\/p>\n<p>&nbsp;<\/p>\n<p>A \u201cKombi do Bala\u201d nasceu em viagens entre Rio de Janeiro e Minas Gerais e agora anuncia para o mundo o desejo do \u201crecarnaval\u201d.<\/p>\n<p>&nbsp;<\/p>\n<p>03 de maio &#8211; Universidad de los Andes<\/p>\n<p>04 de maio &#8211; BIME<\/p>\n","protected":false},"excerpt":{"rendered":"<p>Bala Desejo nomeia o acontecimento-encontro dos m\u00fasicos cariocas Dora Morelenbaum, Julia Mestre, Lucas Nunes e Z\u00e9 Ibarra. Amigos desde a \u00e9poca da escola, os quatro come\u00e7aram a chamar aten\u00e7\u00e3o ap\u00f3s algumas participa\u00e7\u00f5es nas lives tem\u00e1ticas no Instagram da cantora Teresa Cristina. Tal movimenta\u00e7\u00e3o culminou no lan\u00e7amento do \u00e1lbum de estreia do grupo, intitulado Sim Sim [&hellip;]<\/p>\n","protected":false},"author":7,"featured_media":15376,"comment_status":"closed","ping_status":"closed","sticky":false,"template":"","format":"standard","meta":{"footnotes":""},"categories":[218],"tags":[],"class_list":["post-15378","post","type-post","status-publish","format-standard","has-post-thumbnail","hentry","category-noticias-generales-pt"],"lang":"pt","translations":{"pt":15378,"es":15375},"pll_sync_post":[],"post_mailing_queue_ids":[],"_links":{"self":[{"href":"http:\/\/staging.ibermusicas.org\/index.php\/wp-json\/wp\/v2\/posts\/15378","targetHints":{"allow":["GET"]}}],"collection":[{"href":"http:\/\/staging.ibermusicas.org\/index.php\/wp-json\/wp\/v2\/posts"}],"about":[{"href":"http:\/\/staging.ibermusicas.org\/index.php\/wp-json\/wp\/v2\/types\/post"}],"author":[{"embeddable":true,"href":"http:\/\/staging.ibermusicas.org\/index.php\/wp-json\/wp\/v2\/users\/7"}],"replies":[{"embeddable":true,"href":"http:\/\/staging.ibermusicas.org\/index.php\/wp-json\/wp\/v2\/comments?post=15378"}],"version-history":[{"count":1,"href":"http:\/\/staging.ibermusicas.org\/index.php\/wp-json\/wp\/v2\/posts\/15378\/revisions"}],"predecessor-version":[{"id":15379,"href":"http:\/\/staging.ibermusicas.org\/index.php\/wp-json\/wp\/v2\/posts\/15378\/revisions\/15379"}],"wp:featuredmedia":[{"embeddable":true,"href":"http:\/\/staging.ibermusicas.org\/index.php\/wp-json\/wp\/v2\/media\/15376"}],"wp:attachment":[{"href":"http:\/\/staging.ibermusicas.org\/index.php\/wp-json\/wp\/v2\/media?parent=15378"}],"wp:term":[{"taxonomy":"category","embeddable":true,"href":"http:\/\/staging.ibermusicas.org\/index.php\/wp-json\/wp\/v2\/categories?post=15378"},{"taxonomy":"post_tag","embeddable":true,"href":"http:\/\/staging.ibermusicas.org\/index.php\/wp-json\/wp\/v2\/tags?post=15378"}],"curies":[{"name":"wp","href":"https:\/\/api.w.org\/{rel}","templated":true}]}}