{"id":15388,"date":"2023-05-02T19:28:36","date_gmt":"2023-05-02T19:28:36","guid":{"rendered":"http:\/\/staging.ibermusicas.org\/?p=15388"},"modified":"2023-06-01T13:20:09","modified_gmt":"2023-06-01T13:20:09","slug":"el-duo-portugues-lavoisier-actuara-como-parte-del-proyecto-meu-bairro-minha-lingua-o-concerto-en-rio-de-janeiro-brasil-2","status":"publish","type":"post","link":"http:\/\/staging.ibermusicas.org\/index.php\/el-duo-portugues-lavoisier-actuara-como-parte-del-proyecto-meu-bairro-minha-lingua-o-concerto-en-rio-de-janeiro-brasil-2\/","title":{"rendered":"O duo portugu\u00eas Lavoisier vai-se apresentar no marco do projeto \u201cMeu Bairro, Minha L\u00edngua &#8211; O Concerto\u201d em Rio de Janeiro, Brasil"},"content":{"rendered":"<p>Ritmo e Poesia Produtora LTDA, ag\u00eancia de cultura urbana especializada em conex\u00f5es entre os pa\u00edses de l\u00edngua portuguesa, sediada na cidade do Rio de Janeiro (Brasil) convida o grupo musical Lavoisier (Portugal) para as apresenta\u00e7\u00f5es musicais no Brasil, a acontecer no m\u00eas de maio de 2023, dentro da circula\u00e7\u00e3o do projeto \u201cMeu Bairro, Minha L\u00edngua &#8211; O Concerto\u201d.<\/p>\n<p>&nbsp;<\/p>\n<p>\u201cMeu Bairro, Minha L\u00edngua &#8211; O Concerto\u201d \u00e9 um projeto em comemora\u00e7\u00e3o ao Dia Mundial da L\u00edngua Portuguesa que prop\u00f5e a redescoberta de nossas ra\u00edzes, heran\u00e7as culturais e rela\u00e7\u00f5es hist\u00f3ricas, por interm\u00e9dio da m\u00fasica, a partir da aproxima\u00e7\u00e3o de artistas da l\u00edngua portuguesa. Ser\u00e1 produzido um espet\u00e1culo, com artistas majoritariamente residentes no Estado de S\u00e3o Paulo, in\u00e9dito, que reunir\u00e1 artistas (cantores, cantautores e m\u00fasicos de outros pa\u00edses lus\u00f3fonos) que representam a for\u00e7a do idioma, no s\u00e9culo XXI em seus territ\u00f3rios de origem, mas em constante contato e interc\u00e2mbio com os demais pa\u00edses de l\u00edngua portuguesa. S\u00e3o Paulo e Lisboa s\u00e3o os territ\u00f3rios escolhidos como pontos de converg\u00eancia e de conex\u00e3o dos artistas lus\u00f3fonos convidados para este espet\u00e1culo de estreia.<\/p>\n<p>&nbsp;<\/p>\n<p>O concerto retoma o projeto iniciado em 2021 (can\u00e7\u00e3o para o acervo do Museu da L\u00edngua Portuguesa, em S\u00e3o Paulo e s\u00e9rie de 8 epis\u00f3dios sobre o processo criativo da can\u00e7\u00e3o, dispon\u00edvel atualmente no Canal Futura, RTP \u00c1frica e streaming na plataforma GloboPlay). Can\u00e7\u00e3o e webs\u00e9rie que reuniu artistas de pa\u00edses lus\u00f3fonos como Elza Soares, Linn da Quebrada, Dino D\u2019Santiago, Lavoisier entre outros). Este show ter\u00e1 sua estreia exclusiva em apresenta\u00e7\u00e3o prevista para a semana do Dia Mundial da L\u00edngua Portuguesa.<\/p>\n<p>&nbsp;<\/p>\n<ul>\n<li>5 de Maio, Meu Bairro, Minha L\u00edngua &#8211; O Concerto na Caixa Cultural Bras\u00edlia (Bras\u00edlia-DF)<\/li>\n<li>6 de Maio, Meu Bairro, Minha L\u00edngua &#8211; O Concerto no SESC Vila Mariana (S\u00e3o Paulo-SP)<\/li>\n<li>11 de maio, Conversa com alunos atendidos pelo sistema Firjan Sesi-Senai na Escola Sesi Par\u00e1 (Bel\u00e9m-PA)<\/li>\n<li>12 de Maio, Caravana Meu Bairro, Minha L\u00edngua no Teatro Sesi Almirante Barroso (Bel\u00e9m-PA)<\/li>\n<li>17 de Maio, Audio Rebel (Rio de Janeiro-RJ)<\/li>\n<\/ul>\n","protected":false},"excerpt":{"rendered":"<p>Ritmo e Poesia Produtora LTDA, ag\u00eancia de cultura urbana especializada em conex\u00f5es entre os pa\u00edses de l\u00edngua portuguesa, sediada na cidade do Rio de Janeiro (Brasil) convida o grupo musical Lavoisier (Portugal) para as apresenta\u00e7\u00f5es musicais no Brasil, a acontecer no m\u00eas de maio de 2023, dentro da circula\u00e7\u00e3o do projeto \u201cMeu Bairro, Minha L\u00edngua [&hellip;]<\/p>\n","protected":false},"author":7,"featured_media":15386,"comment_status":"closed","ping_status":"closed","sticky":false,"template":"","format":"standard","meta":{"footnotes":""},"categories":[218],"tags":[],"class_list":["post-15388","post","type-post","status-publish","format-standard","has-post-thumbnail","hentry","category-noticias-generales-pt"],"lang":"pt","translations":{"pt":15388,"es":15385},"pll_sync_post":[],"post_mailing_queue_ids":[],"_links":{"self":[{"href":"http:\/\/staging.ibermusicas.org\/index.php\/wp-json\/wp\/v2\/posts\/15388","targetHints":{"allow":["GET"]}}],"collection":[{"href":"http:\/\/staging.ibermusicas.org\/index.php\/wp-json\/wp\/v2\/posts"}],"about":[{"href":"http:\/\/staging.ibermusicas.org\/index.php\/wp-json\/wp\/v2\/types\/post"}],"author":[{"embeddable":true,"href":"http:\/\/staging.ibermusicas.org\/index.php\/wp-json\/wp\/v2\/users\/7"}],"replies":[{"embeddable":true,"href":"http:\/\/staging.ibermusicas.org\/index.php\/wp-json\/wp\/v2\/comments?post=15388"}],"version-history":[{"count":2,"href":"http:\/\/staging.ibermusicas.org\/index.php\/wp-json\/wp\/v2\/posts\/15388\/revisions"}],"predecessor-version":[{"id":15390,"href":"http:\/\/staging.ibermusicas.org\/index.php\/wp-json\/wp\/v2\/posts\/15388\/revisions\/15390"}],"wp:featuredmedia":[{"embeddable":true,"href":"http:\/\/staging.ibermusicas.org\/index.php\/wp-json\/wp\/v2\/media\/15386"}],"wp:attachment":[{"href":"http:\/\/staging.ibermusicas.org\/index.php\/wp-json\/wp\/v2\/media?parent=15388"}],"wp:term":[{"taxonomy":"category","embeddable":true,"href":"http:\/\/staging.ibermusicas.org\/index.php\/wp-json\/wp\/v2\/categories?post=15388"},{"taxonomy":"post_tag","embeddable":true,"href":"http:\/\/staging.ibermusicas.org\/index.php\/wp-json\/wp\/v2\/tags?post=15388"}],"curies":[{"name":"wp","href":"https:\/\/api.w.org\/{rel}","templated":true}]}}