{"id":15391,"date":"2023-05-02T19:37:06","date_gmt":"2023-05-02T19:37:06","guid":{"rendered":"http:\/\/staging.ibermusicas.org\/?p=15391"},"modified":"2023-06-01T12:51:43","modified_gmt":"2023-06-01T12:51:43","slug":"llega-desde-argentina-el-estreno-de-antelia-tratado-de-luz-y-resonancia","status":"publish","type":"post","link":"http:\/\/staging.ibermusicas.org\/index.php\/llega-desde-argentina-el-estreno-de-antelia-tratado-de-luz-y-resonancia\/","title":{"rendered":"Llega desde Argentina el estreno de \u201cAntelia &#8211; Tratado de luz y resonancia\u201d\u00a0 \u00a0\u00a0\u00a0\u00a0\u00a0\u00a0\u00a0\u00a0\u00a0"},"content":{"rendered":"<p>En la Modernidad, un novedoso discurso cient\u00edfico toma la palabra e inaugura un saber que develar\u00e1 finalmente los secretos de la luz y el sonido. Lejos del Dios como luz del Medioevo elaborar\u00e1\u00a0 las nuevas figuras de la verdad y la raz\u00f3n hacia el Iluminismo.<\/p>\n<p>&nbsp;<\/p>\n<p>Esta obra propone un doble recorrido tanto de antiguos textos como su puesta en el espacio arquitect\u00f3nico de una morada del sonido: el Conservatorio de m\u00fasica \u201cGilardo Gilardi\u201d de la ciudad de La Plata. Luz y sonido en un lugar que a la vez convoca -como desde los inicios del mundo- tambi\u00e9n al silencio y la oscuridad. La noche oscura del alma.<\/p>\n<p>&nbsp;<\/p>\n<p>Idea y Producci\u00f3n general: Malena Levin y Luis Menacho.\u00a0 Libreto y m\u00fasica: Luis Menacho (Basado en textos de Ovidio, Marin Mersenne, Ren\u00e9 Descartes, Jean Philippe Rameau, Alessandro Striggio y Junichiro Tanizaki). Con Malena Levin: piano, \u00f3rgano, piano de juguete y clave, Julieta Ranno: danza, Johanna Pizani: canto, Juan Manuel Unzaga: gu\u00eda, Rodrigo Novoa: corno.<\/p>\n<p>&nbsp;<\/p>\n<p>S\u00e1bado 6 de mayo, 21 hs. en <a href=\"https:\/\/www.youtube.com\/@LuisMenacho01\">https:\/\/www.youtube.com\/@LuisMenacho01<\/a><\/p>\n","protected":false},"excerpt":{"rendered":"<p>En la Modernidad, un novedoso discurso cient\u00edfico toma la palabra e inaugura un saber que develar\u00e1 finalmente los secretos de la luz y el sonido. Lejos del Dios como luz del Medioevo elaborar\u00e1\u00a0 las nuevas figuras de la verdad y la raz\u00f3n hacia el Iluminismo. &nbsp; Esta obra propone un doble recorrido tanto de antiguos [&hellip;]<\/p>\n","protected":false},"author":7,"featured_media":15392,"comment_status":"closed","ping_status":"closed","sticky":false,"template":"","format":"standard","meta":{"footnotes":""},"categories":[53],"tags":[],"class_list":["post-15391","post","type-post","status-publish","format-standard","has-post-thumbnail","hentry","category-noticias-generales"],"lang":"es","translations":{"es":15391,"pt":15394},"pll_sync_post":[],"post_mailing_queue_ids":[],"_links":{"self":[{"href":"http:\/\/staging.ibermusicas.org\/index.php\/wp-json\/wp\/v2\/posts\/15391","targetHints":{"allow":["GET"]}}],"collection":[{"href":"http:\/\/staging.ibermusicas.org\/index.php\/wp-json\/wp\/v2\/posts"}],"about":[{"href":"http:\/\/staging.ibermusicas.org\/index.php\/wp-json\/wp\/v2\/types\/post"}],"author":[{"embeddable":true,"href":"http:\/\/staging.ibermusicas.org\/index.php\/wp-json\/wp\/v2\/users\/7"}],"replies":[{"embeddable":true,"href":"http:\/\/staging.ibermusicas.org\/index.php\/wp-json\/wp\/v2\/comments?post=15391"}],"version-history":[{"count":1,"href":"http:\/\/staging.ibermusicas.org\/index.php\/wp-json\/wp\/v2\/posts\/15391\/revisions"}],"predecessor-version":[{"id":15393,"href":"http:\/\/staging.ibermusicas.org\/index.php\/wp-json\/wp\/v2\/posts\/15391\/revisions\/15393"}],"wp:featuredmedia":[{"embeddable":true,"href":"http:\/\/staging.ibermusicas.org\/index.php\/wp-json\/wp\/v2\/media\/15392"}],"wp:attachment":[{"href":"http:\/\/staging.ibermusicas.org\/index.php\/wp-json\/wp\/v2\/media?parent=15391"}],"wp:term":[{"taxonomy":"category","embeddable":true,"href":"http:\/\/staging.ibermusicas.org\/index.php\/wp-json\/wp\/v2\/categories?post=15391"},{"taxonomy":"post_tag","embeddable":true,"href":"http:\/\/staging.ibermusicas.org\/index.php\/wp-json\/wp\/v2\/tags?post=15391"}],"curies":[{"name":"wp","href":"https:\/\/api.w.org\/{rel}","templated":true}]}}