{"id":15394,"date":"2023-05-02T19:39:26","date_gmt":"2023-05-02T19:39:26","guid":{"rendered":"http:\/\/staging.ibermusicas.org\/?p=15394"},"modified":"2023-06-01T13:20:02","modified_gmt":"2023-06-01T13:20:02","slug":"chega-da-argentina-a-estreia-de-antelia-tratado-de-luz-e-ressonancia","status":"publish","type":"post","link":"http:\/\/staging.ibermusicas.org\/index.php\/chega-da-argentina-a-estreia-de-antelia-tratado-de-luz-e-ressonancia\/","title":{"rendered":"Chega da Argentina a estreia de \u201cAntelia &#8211; Tratado de Luz e Resson\u00e2ncia\u201d\u00a0\u00a0\u00a0\u00a0\u00a0"},"content":{"rendered":"<p>Na Modernidade, um novo discurso cient\u00edfico toma a palavra e inaugura um conhecimento que finalmente revelar\u00e1 os segredos da luz e do som. Longe de Deus como luz da Idade M\u00e9dia, ele elaborar\u00e1 as novas figuras da verdade e da raz\u00e3o rumo ao Iluminismo.<\/p>\n<p>&nbsp;<\/p>\n<p>Este trabalho prop\u00f5e um passeio duplo pelos textos antigos e sua coloca\u00e7\u00e3o no espa\u00e7o arquitet\u00f4nico de uma casa do som: o Conservat\u00f3rio de M\u00fasica \u00abGilardo Gilardi\u00bb da cidade de La Plata. Luz e som em um lugar que ao mesmo tempo convoca -como desde o come\u00e7o do mundo- tamb\u00e9m sil\u00eancio e escurid\u00e3o. A noite escura da alma.<\/p>\n<p><strong>\u00a0<\/strong><\/p>\n<p>Ideia e Produ\u00e7\u00e3o Geral: Malena Levin e Luis Menacho. Libreto e m\u00fasica: Luis Menacho (Baseado em textos de Ov\u00eddio, Marin Mersenne, Ren\u00e9 Descartes, Jean Philippe Rameau, Alessandro Striggio e Junichiro Tanizaki). Com Malena Levin: piano, \u00f3rg\u00e3o, toy piano e cravo, Julieta Ranno: dan\u00e7a, Johanna Pizani: canto, Juan Manuel Unzaga: guia, Rodrigo Novoa: corno.<\/p>\n<p><strong>\u00a0<\/strong><\/p>\n<p>S\u00e1bado 6 de maio, 21 hs. no\u00a0 <a href=\"https:\/\/www.youtube.com\/@LuisMenacho01\">https:\/\/www.youtube.com\/@LuisMenacho01<\/a><\/p>\n","protected":false},"excerpt":{"rendered":"<p>Na Modernidade, um novo discurso cient\u00edfico toma a palavra e inaugura um conhecimento que finalmente revelar\u00e1 os segredos da luz e do som. Longe de Deus como luz da Idade M\u00e9dia, ele elaborar\u00e1 as novas figuras da verdade e da raz\u00e3o rumo ao Iluminismo. &nbsp; Este trabalho prop\u00f5e um passeio duplo pelos textos antigos e [&hellip;]<\/p>\n","protected":false},"author":7,"featured_media":15392,"comment_status":"closed","ping_status":"closed","sticky":false,"template":"","format":"standard","meta":{"footnotes":""},"categories":[218],"tags":[],"class_list":["post-15394","post","type-post","status-publish","format-standard","has-post-thumbnail","hentry","category-noticias-generales-pt"],"lang":"pt","translations":{"pt":15394,"es":15391},"pll_sync_post":[],"post_mailing_queue_ids":[],"_links":{"self":[{"href":"http:\/\/staging.ibermusicas.org\/index.php\/wp-json\/wp\/v2\/posts\/15394","targetHints":{"allow":["GET"]}}],"collection":[{"href":"http:\/\/staging.ibermusicas.org\/index.php\/wp-json\/wp\/v2\/posts"}],"about":[{"href":"http:\/\/staging.ibermusicas.org\/index.php\/wp-json\/wp\/v2\/types\/post"}],"author":[{"embeddable":true,"href":"http:\/\/staging.ibermusicas.org\/index.php\/wp-json\/wp\/v2\/users\/7"}],"replies":[{"embeddable":true,"href":"http:\/\/staging.ibermusicas.org\/index.php\/wp-json\/wp\/v2\/comments?post=15394"}],"version-history":[{"count":1,"href":"http:\/\/staging.ibermusicas.org\/index.php\/wp-json\/wp\/v2\/posts\/15394\/revisions"}],"predecessor-version":[{"id":15395,"href":"http:\/\/staging.ibermusicas.org\/index.php\/wp-json\/wp\/v2\/posts\/15394\/revisions\/15395"}],"wp:featuredmedia":[{"embeddable":true,"href":"http:\/\/staging.ibermusicas.org\/index.php\/wp-json\/wp\/v2\/media\/15392"}],"wp:attachment":[{"href":"http:\/\/staging.ibermusicas.org\/index.php\/wp-json\/wp\/v2\/media?parent=15394"}],"wp:term":[{"taxonomy":"category","embeddable":true,"href":"http:\/\/staging.ibermusicas.org\/index.php\/wp-json\/wp\/v2\/categories?post=15394"},{"taxonomy":"post_tag","embeddable":true,"href":"http:\/\/staging.ibermusicas.org\/index.php\/wp-json\/wp\/v2\/tags?post=15394"}],"curies":[{"name":"wp","href":"https:\/\/api.w.org\/{rel}","templated":true}]}}