{"id":15408,"date":"2023-05-02T21:11:31","date_gmt":"2023-05-02T21:11:31","guid":{"rendered":"http:\/\/staging.ibermusicas.org\/?p=15408"},"modified":"2023-06-01T12:49:21","modified_gmt":"2023-06-01T12:49:21","slug":"la-flautista-argentina-ana-ligia-mastruzzo-lleva-su-trabajo-tekne-flutes-electronics-a-san-pablo-brasil","status":"publish","type":"post","link":"http:\/\/staging.ibermusicas.org\/index.php\/la-flautista-argentina-ana-ligia-mastruzzo-lleva-su-trabajo-tekne-flutes-electronics-a-san-pablo-brasil\/","title":{"rendered":"La flautista argentina Ana Ligia Mastruzzo lleva su trabajo \u201cTekn\u00e9,\u00a0 Flutes &#038; Electronics\u201d a San Pablo, Brasil"},"content":{"rendered":"<p>Ana Ligia Mastruzzo naci\u00f3 en Buenos Aires. Se form\u00f3 como flautista en el Conservatorio de Trieste con la Maestra italiana Luisa Sello, en Trieste obtuvo una Licenciatura y Master con honores bajo su eminente gu\u00eda. En Viena se perfeccion\u00f3 en piccolo con el Maestro Raphael Leone (Orquesta Sinf\u00f3nica de Viena, Universidad de Viena).<\/p>\n<p>&nbsp;<\/p>\n<p>En 2018 obtuvo en Buenos Aires el Posgrado en Gesti\u00f3n Cultural y Pol\u00edticas Culturales de la UNSAM y la Licenciatura en Flauta Traversa de la Universidad Nacional de las Artes. En Europa se perfeccion\u00f3 con los maestros: Nils- Thilo Kr\u00e4mer (Universit\u00e4t f\u00fcr Musik Graz), Janos Balint (Hungr\u00eda &#8211; Conservatorio Franz Liszt), Trevor Wye (Londres), Roberto Fabbricciani (Italia), en las Academias de Salzburgo, Academia de Imola, Festival Tibor Varga (Sion, Suiza), Festival Allegro Vivo (Horn, Austria).<\/p>\n<p>&nbsp;<\/p>\n<p>Se dedica a difundir la m\u00fasica contempor\u00e1nea para flauta. Fue Profesora de Flauta Traversa en el Conservatorio Provincial \u201cIsa\u00edas Orbe\u201d de Tandil. Su proyecto Flauta Multisonora, ganador de los premios Iberm\u00fasicas (2016 y 2019) y Fondo Nacional de las Artes (Beca de Formaci\u00f3n 2019), fue realizado en la UNSAM (Posgrado \u201cM\u00fasica Expandida\u201d), Universidad Nacional de San Juan, Universidad Provincial de C\u00f3rdoba, Bienal de M\u00fasica Electroac\u00fastica de San Pablo.<\/p>\n<p>&nbsp;<\/p>\n<p>&nbsp;<\/p>\n<ul>\n<li>10 mayo 17 hs: Conferencia en el Instituto de Artes de la UNESP (Universidad estadual Paulista). Conferencia para la clase de composici\u00f3n de la Universidad<\/li>\n<li>10 mayo 19 hs: Concierto en Teatro Sekeff del Instituto de Artes de la UNESP<\/li>\n<li>11 mayo: Concierto en la EMESP Tom Jobim. (Escuela de M\u00f9sica del estado de San Pablo Tom Jobim)<\/li>\n<\/ul>\n","protected":false},"excerpt":{"rendered":"<p>Ana Ligia Mastruzzo naci\u00f3 en Buenos Aires. Se form\u00f3 como flautista en el Conservatorio de Trieste con la Maestra italiana Luisa Sello, en Trieste obtuvo una Licenciatura y Master con honores bajo su eminente gu\u00eda. En Viena se perfeccion\u00f3 en piccolo con el Maestro Raphael Leone (Orquesta Sinf\u00f3nica de Viena, Universidad de Viena). &nbsp; En [&hellip;]<\/p>\n","protected":false},"author":7,"featured_media":15409,"comment_status":"closed","ping_status":"closed","sticky":false,"template":"","format":"standard","meta":{"footnotes":""},"categories":[53],"tags":[],"class_list":["post-15408","post","type-post","status-publish","format-standard","has-post-thumbnail","hentry","category-noticias-generales"],"lang":"es","translations":{"es":15408,"pt":15411},"pll_sync_post":[],"post_mailing_queue_ids":[],"_links":{"self":[{"href":"http:\/\/staging.ibermusicas.org\/index.php\/wp-json\/wp\/v2\/posts\/15408","targetHints":{"allow":["GET"]}}],"collection":[{"href":"http:\/\/staging.ibermusicas.org\/index.php\/wp-json\/wp\/v2\/posts"}],"about":[{"href":"http:\/\/staging.ibermusicas.org\/index.php\/wp-json\/wp\/v2\/types\/post"}],"author":[{"embeddable":true,"href":"http:\/\/staging.ibermusicas.org\/index.php\/wp-json\/wp\/v2\/users\/7"}],"replies":[{"embeddable":true,"href":"http:\/\/staging.ibermusicas.org\/index.php\/wp-json\/wp\/v2\/comments?post=15408"}],"version-history":[{"count":1,"href":"http:\/\/staging.ibermusicas.org\/index.php\/wp-json\/wp\/v2\/posts\/15408\/revisions"}],"predecessor-version":[{"id":15410,"href":"http:\/\/staging.ibermusicas.org\/index.php\/wp-json\/wp\/v2\/posts\/15408\/revisions\/15410"}],"wp:featuredmedia":[{"embeddable":true,"href":"http:\/\/staging.ibermusicas.org\/index.php\/wp-json\/wp\/v2\/media\/15409"}],"wp:attachment":[{"href":"http:\/\/staging.ibermusicas.org\/index.php\/wp-json\/wp\/v2\/media?parent=15408"}],"wp:term":[{"taxonomy":"category","embeddable":true,"href":"http:\/\/staging.ibermusicas.org\/index.php\/wp-json\/wp\/v2\/categories?post=15408"},{"taxonomy":"post_tag","embeddable":true,"href":"http:\/\/staging.ibermusicas.org\/index.php\/wp-json\/wp\/v2\/tags?post=15408"}],"curies":[{"name":"wp","href":"https:\/\/api.w.org\/{rel}","templated":true}]}}