{"id":15411,"date":"2023-05-02T21:12:55","date_gmt":"2023-05-02T21:12:55","guid":{"rendered":"http:\/\/staging.ibermusicas.org\/?p=15411"},"modified":"2023-06-01T13:14:21","modified_gmt":"2023-06-01T13:14:21","slug":"a-flautista-argentina-ana-ligia-mastruzzo-leva-a-sua-obra-tekne-flutes-electronics-para-sao-paulo-brasil","status":"publish","type":"post","link":"http:\/\/staging.ibermusicas.org\/index.php\/a-flautista-argentina-ana-ligia-mastruzzo-leva-a-sua-obra-tekne-flutes-electronics-para-sao-paulo-brasil\/","title":{"rendered":"A flautista argentina Ana Ligia Mastruzzo leva a sua obra \u00abTekn\u00e9, Flutes &#038; Electronics\u00bb para S\u00e3o Paulo, Brasil"},"content":{"rendered":"<p>Nasceu em Buenos Aires. Formou-se como flautista no Conservat\u00f3rio de Trieste com a mestre italiana Luisa Sello, concertista internacional e conferencista em prestigiadas universidades europeias em Viena, Graz, Madrid, Sofia; em Trieste obteve o t\u00edtulo de Bacharel e Mestre com honras sob sua eminente orienta\u00e7\u00e3o. Em Viena aperfei\u00e7oou flautim com o Maestro Raphael Leone (Orquestra Sinf\u00f4nica de Viena, Universidade de Viena).<\/p>\n<p>Em 2018 obteve em Buenos Aires a P\u00f3s-Gradua\u00e7\u00e3o em Gest\u00e3o Cultural e Pol\u00edticas Culturais pela UNSAM e o Bacharelado em Flauta Travessia pela Universidade Nacional das Artes. Na Europa aperfei\u00e7oou-se com os seguintes professores: Nils- Thilo Kr\u00e4mer (Universit\u00e4t f\u00fcr Musik Graz), Janos Balint (Hungria \u2013 Conservat\u00f3rio Franz Liszt), Trevor Wye (Londres), Roberto Fabbricciani (It\u00e1lia), nas Academias de Salzburgo, Academia de Imola , Tibor Varga Festival (Sion, Su\u00ed\u00e7a), Allegro Vivo Festival (Horn, \u00c1ustria).<\/p>\n<p>Dedica-se \u00e0 divulga\u00e7\u00e3o da m\u00fasica contempor\u00e2nea para flauta. Foi professora de Flauta no Conservat\u00f3rio Provincial \u00abIsa\u00edas Orbe\u00bb em Tandil. O seu projecto Flauta Multisonora, vencedor dos pr\u00e9mios Iberm\u00fasicas (2016 e 2019) e Fondo Nacional de las Artes (Bolsa de Forma\u00e7\u00e3o 2019), foi apresentado na UNSAM (P\u00f3s-gradua\u00e7\u00e3o \u00abM\u00fasica Expandida\u00bb), Universidade Nacional de San Juan, Universidade Provincial de C\u00f3rdoba, Bienal de M\u00fasica Electroac\u00fastica de San Pablo.<\/p>\n<p>&nbsp;<\/p>\n<ul>\n<li>10 de maio 5 p.m.: Palestra no Instituto de Artes da UNESP (Universidade Estadual Paulista). Palestra para a aula de composi\u00e7\u00e3o da Universidade.<\/li>\n<li>10 de maio 19 p.m.: Concerto no Teatro Sekeff do Instituto de Artes da UNESP.<\/li>\n<li>11 de maio: Concerto na EMESP Tom Jobim (Escola Estadual de M\u00fasica do Estado de S\u00e3o Paulo Tom Jobim).<\/li>\n<\/ul>\n","protected":false},"excerpt":{"rendered":"<p>Nasceu em Buenos Aires. Formou-se como flautista no Conservat\u00f3rio de Trieste com a mestre italiana Luisa Sello, concertista internacional e conferencista em prestigiadas universidades europeias em Viena, Graz, Madrid, Sofia; em Trieste obteve o t\u00edtulo de Bacharel e Mestre com honras sob sua eminente orienta\u00e7\u00e3o. Em Viena aperfei\u00e7oou flautim com o Maestro Raphael Leone (Orquestra [&hellip;]<\/p>\n","protected":false},"author":7,"featured_media":15409,"comment_status":"closed","ping_status":"closed","sticky":false,"template":"","format":"standard","meta":{"footnotes":""},"categories":[218],"tags":[],"class_list":["post-15411","post","type-post","status-publish","format-standard","has-post-thumbnail","hentry","category-noticias-generales-pt"],"lang":"pt","translations":{"pt":15411,"es":15408},"pll_sync_post":[],"post_mailing_queue_ids":[],"_links":{"self":[{"href":"http:\/\/staging.ibermusicas.org\/index.php\/wp-json\/wp\/v2\/posts\/15411","targetHints":{"allow":["GET"]}}],"collection":[{"href":"http:\/\/staging.ibermusicas.org\/index.php\/wp-json\/wp\/v2\/posts"}],"about":[{"href":"http:\/\/staging.ibermusicas.org\/index.php\/wp-json\/wp\/v2\/types\/post"}],"author":[{"embeddable":true,"href":"http:\/\/staging.ibermusicas.org\/index.php\/wp-json\/wp\/v2\/users\/7"}],"replies":[{"embeddable":true,"href":"http:\/\/staging.ibermusicas.org\/index.php\/wp-json\/wp\/v2\/comments?post=15411"}],"version-history":[{"count":1,"href":"http:\/\/staging.ibermusicas.org\/index.php\/wp-json\/wp\/v2\/posts\/15411\/revisions"}],"predecessor-version":[{"id":15412,"href":"http:\/\/staging.ibermusicas.org\/index.php\/wp-json\/wp\/v2\/posts\/15411\/revisions\/15412"}],"wp:featuredmedia":[{"embeddable":true,"href":"http:\/\/staging.ibermusicas.org\/index.php\/wp-json\/wp\/v2\/media\/15409"}],"wp:attachment":[{"href":"http:\/\/staging.ibermusicas.org\/index.php\/wp-json\/wp\/v2\/media?parent=15411"}],"wp:term":[{"taxonomy":"category","embeddable":true,"href":"http:\/\/staging.ibermusicas.org\/index.php\/wp-json\/wp\/v2\/categories?post=15411"},{"taxonomy":"post_tag","embeddable":true,"href":"http:\/\/staging.ibermusicas.org\/index.php\/wp-json\/wp\/v2\/tags?post=15411"}],"curies":[{"name":"wp","href":"https:\/\/api.w.org\/{rel}","templated":true}]}}