{"id":15449,"date":"2023-05-02T22:35:17","date_gmt":"2023-05-02T22:35:17","guid":{"rendered":"http:\/\/staging.ibermusicas.org\/?p=15449"},"modified":"2023-05-02T22:39:08","modified_gmt":"2023-05-02T22:39:08","slug":"la-directora-coral-colombiana-monica-saenz-molina-inicia-su-proyecto-clases-magistrales-de-lo-coral-a-lo-orquestal-junto-a-la-la-camerata-romeu-de-cuba","status":"publish","type":"post","link":"http:\/\/staging.ibermusicas.org\/index.php\/la-directora-coral-colombiana-monica-saenz-molina-inicia-su-proyecto-clases-magistrales-de-lo-coral-a-lo-orquestal-junto-a-la-la-camerata-romeu-de-cuba\/","title":{"rendered":"La directora coral colombiana M\u00f3nica S\u00e1enz Molina inicia su proyecto \u201cClases Magistrales: de lo Coral a lo Orquestal\u201d junto a la la Camerata Romeu de Cuba"},"content":{"rendered":"<p>El proyecto \u201cClases Magistrales: de lo Coral a lo Orquestal\u201d se desarrollar\u00e1 en el transcurso de tres meses, bajo la tutor\u00eda de la maestra Zenaida Romeu, y con el acompa\u00f1amiento de mujeres profesionales de la m\u00fasica, integrantes de la orquesta de cuerdas Camerata Romeu.<\/p>\n<p>&nbsp;<\/p>\n<p>La Camerata Romeu es la primera orquesta de mujeres de Am\u00e9rica Latina, fundada en La Habana, Cuba en 1993. Es valioso resaltar que este proyecto se ejecutar\u00e1 en su totalidad por mujeres de la escena art\u00edstica de Cuba, siendo esto una muestra de la cooperaci\u00f3n entre las mujeres que est\u00e1n surgiendo en la direcci\u00f3n orquestal.<\/p>\n<p>&nbsp;<\/p>\n<p>M\u00f3nica S\u00e1enz Molina es directora egresada de la Universidad del Valle en Cali, Colombia. Se ha desempe\u00f1ado como docente de m\u00fasica, y directora de coros en diversas academias e instituciones de la ciudad de Cali, Colombia. En el 2017 fund\u00f3 la agrupaci\u00f3n Ensamble Corom\u00e1tico con la cual ha participado en varios festivales a nivel nacional, obteniendo menci\u00f3n a mejor directora en dos de ellos. Tambi\u00e9n han sido cuatro veces ganadores de la convocatoria est\u00edmulos de la Secretar\u00eda de Cultura de Cali.<\/p>\n","protected":false},"excerpt":{"rendered":"<p>El proyecto \u201cClases Magistrales: de lo Coral a lo Orquestal\u201d se desarrollar\u00e1 en el transcurso de tres meses, bajo la tutor\u00eda de la maestra Zenaida Romeu, y con el acompa\u00f1amiento de mujeres profesionales de la m\u00fasica, integrantes de la orquesta de cuerdas Camerata Romeu. &nbsp; La Camerata Romeu es la primera orquesta de mujeres de [&hellip;]<\/p>\n","protected":false},"author":7,"featured_media":15450,"comment_status":"closed","ping_status":"closed","sticky":false,"template":"","format":"standard","meta":{"footnotes":""},"categories":[53],"tags":[],"class_list":["post-15449","post","type-post","status-publish","format-standard","has-post-thumbnail","hentry","category-noticias-generales"],"lang":"es","translations":{"es":15449,"pt":15452},"pll_sync_post":[],"post_mailing_queue_ids":[],"_links":{"self":[{"href":"http:\/\/staging.ibermusicas.org\/index.php\/wp-json\/wp\/v2\/posts\/15449","targetHints":{"allow":["GET"]}}],"collection":[{"href":"http:\/\/staging.ibermusicas.org\/index.php\/wp-json\/wp\/v2\/posts"}],"about":[{"href":"http:\/\/staging.ibermusicas.org\/index.php\/wp-json\/wp\/v2\/types\/post"}],"author":[{"embeddable":true,"href":"http:\/\/staging.ibermusicas.org\/index.php\/wp-json\/wp\/v2\/users\/7"}],"replies":[{"embeddable":true,"href":"http:\/\/staging.ibermusicas.org\/index.php\/wp-json\/wp\/v2\/comments?post=15449"}],"version-history":[{"count":1,"href":"http:\/\/staging.ibermusicas.org\/index.php\/wp-json\/wp\/v2\/posts\/15449\/revisions"}],"predecessor-version":[{"id":15451,"href":"http:\/\/staging.ibermusicas.org\/index.php\/wp-json\/wp\/v2\/posts\/15449\/revisions\/15451"}],"wp:featuredmedia":[{"embeddable":true,"href":"http:\/\/staging.ibermusicas.org\/index.php\/wp-json\/wp\/v2\/media\/15450"}],"wp:attachment":[{"href":"http:\/\/staging.ibermusicas.org\/index.php\/wp-json\/wp\/v2\/media?parent=15449"}],"wp:term":[{"taxonomy":"category","embeddable":true,"href":"http:\/\/staging.ibermusicas.org\/index.php\/wp-json\/wp\/v2\/categories?post=15449"},{"taxonomy":"post_tag","embeddable":true,"href":"http:\/\/staging.ibermusicas.org\/index.php\/wp-json\/wp\/v2\/tags?post=15449"}],"curies":[{"name":"wp","href":"https:\/\/api.w.org\/{rel}","templated":true}]}}