{"id":15452,"date":"2023-05-02T22:37:10","date_gmt":"2023-05-02T22:37:10","guid":{"rendered":"http:\/\/staging.ibermusicas.org\/?p=15452"},"modified":"2023-05-02T22:38:27","modified_gmt":"2023-05-02T22:38:27","slug":"la-directora-coral-colombiana-monica-saenz-molina-inicia-su-proyecto-clases-magistrales-de-lo-coral-a-lo-orquestal-junto-a-la-la-camerata-romeu-de-cuba-2","status":"publish","type":"post","link":"http:\/\/staging.ibermusicas.org\/index.php\/la-directora-coral-colombiana-monica-saenz-molina-inicia-su-proyecto-clases-magistrales-de-lo-coral-a-lo-orquestal-junto-a-la-la-camerata-romeu-de-cuba-2\/","title":{"rendered":"A diretora coral colombiana M\u00f3nica S\u00e1enz Molina inicia seu projeto \u00abMaster Classes: do Coral ao Orquestral\u00bb junto com a Camerata Romeu de Cuba"},"content":{"rendered":"<p>O projeto \u00abMaster Classes: do Coral ao Orquestral\u00bb acontecer\u00e1 ao longo de tr\u00eas meses, sob a orienta\u00e7\u00e3o da professora Zenaida Romeu, e com o acompanhamento de musicistas profissionais, integrantes da orquestra de cordas Camerata Romeu.<\/p>\n<p>&nbsp;<\/p>\n<p>A Camerata Romeu \u00e9 a primeira orquestra feminina da Am\u00e9rica Latina, fundada em Havana, Cuba, em 1993. Vale ressaltar que este projeto ser\u00e1 realizado integralmente por mulheres da cena art\u00edstica cubana, sendo esta uma amostra da coopera\u00e7\u00e3o entre as mulheres que est\u00e3o despontando na reg\u00eancia orquestral.<\/p>\n<p>&nbsp;<\/p>\n<p>M\u00f3nica S\u00e1enz Molina \u00e9 diretora graduada pela Universidad del Valle em Cali, Col\u00f4mbia. Trabalhou como professora de m\u00fasica e diretora de corais em v\u00e1rias academias e institui\u00e7\u00f5es da cidade de Cali, Col\u00f4mbia. Em 2017 fundou o grupo Ensamble Corom\u00e1tico com o qual tem participado em v\u00e1rios festivais a n\u00edvel nacional, obtendo a men\u00e7\u00e3o de melhor encena\u00e7\u00e3o em dois deles. Tamb\u00e9m tem sido quatro vezes vencedora da chamada de est\u00edmulos da Secretaria de Cultura de Cali.<\/p>\n","protected":false},"excerpt":{"rendered":"<p>O projeto \u00abMaster Classes: do Coral ao Orquestral\u00bb acontecer\u00e1 ao longo de tr\u00eas meses, sob a orienta\u00e7\u00e3o da professora Zenaida Romeu, e com o acompanhamento de musicistas profissionais, integrantes da orquestra de cordas Camerata Romeu. &nbsp; A Camerata Romeu \u00e9 a primeira orquestra feminina da Am\u00e9rica Latina, fundada em Havana, Cuba, em 1993. Vale ressaltar [&hellip;]<\/p>\n","protected":false},"author":7,"featured_media":15450,"comment_status":"closed","ping_status":"closed","sticky":false,"template":"","format":"standard","meta":{"footnotes":""},"categories":[218],"tags":[],"class_list":["post-15452","post","type-post","status-publish","format-standard","has-post-thumbnail","hentry","category-noticias-generales-pt"],"lang":"pt","translations":{"pt":15452,"es":15449},"pll_sync_post":[],"post_mailing_queue_ids":[],"_links":{"self":[{"href":"http:\/\/staging.ibermusicas.org\/index.php\/wp-json\/wp\/v2\/posts\/15452","targetHints":{"allow":["GET"]}}],"collection":[{"href":"http:\/\/staging.ibermusicas.org\/index.php\/wp-json\/wp\/v2\/posts"}],"about":[{"href":"http:\/\/staging.ibermusicas.org\/index.php\/wp-json\/wp\/v2\/types\/post"}],"author":[{"embeddable":true,"href":"http:\/\/staging.ibermusicas.org\/index.php\/wp-json\/wp\/v2\/users\/7"}],"replies":[{"embeddable":true,"href":"http:\/\/staging.ibermusicas.org\/index.php\/wp-json\/wp\/v2\/comments?post=15452"}],"version-history":[{"count":2,"href":"http:\/\/staging.ibermusicas.org\/index.php\/wp-json\/wp\/v2\/posts\/15452\/revisions"}],"predecessor-version":[{"id":15454,"href":"http:\/\/staging.ibermusicas.org\/index.php\/wp-json\/wp\/v2\/posts\/15452\/revisions\/15454"}],"wp:featuredmedia":[{"embeddable":true,"href":"http:\/\/staging.ibermusicas.org\/index.php\/wp-json\/wp\/v2\/media\/15450"}],"wp:attachment":[{"href":"http:\/\/staging.ibermusicas.org\/index.php\/wp-json\/wp\/v2\/media?parent=15452"}],"wp:term":[{"taxonomy":"category","embeddable":true,"href":"http:\/\/staging.ibermusicas.org\/index.php\/wp-json\/wp\/v2\/categories?post=15452"},{"taxonomy":"post_tag","embeddable":true,"href":"http:\/\/staging.ibermusicas.org\/index.php\/wp-json\/wp\/v2\/tags?post=15452"}],"curies":[{"name":"wp","href":"https:\/\/api.w.org\/{rel}","templated":true}]}}