{"id":15458,"date":"2023-05-02T22:43:19","date_gmt":"2023-05-02T22:43:19","guid":{"rendered":"http:\/\/staging.ibermusicas.org\/?p=15458"},"modified":"2023-06-01T13:13:33","modified_gmt":"2023-06-01T13:13:33","slug":"identidades-sonoras-as-playlists-da-ibermusicas-recomendadas-nesta-quinzena-recomendamos-a-playlist-criada-por-susan-campos-da-costa-rica-e-a-playlist-criada-por-vivir-quintana-do-mexico","status":"publish","type":"post","link":"http:\/\/staging.ibermusicas.org\/index.php\/identidades-sonoras-as-playlists-da-ibermusicas-recomendadas-nesta-quinzena-recomendamos-a-playlist-criada-por-susan-campos-da-costa-rica-e-a-playlist-criada-por-vivir-quintana-do-mexico\/","title":{"rendered":"Identidades Sonoras, as playlists da Iberm\u00fasicas recomendadas nesta quinzena. Recomendamos a playlist criada por Susan Campos da Costa Rica e a playlist criada por Vivir Quintana do M\u00e9xico"},"content":{"rendered":"<p><em>\u00abUma encena\u00e7\u00e3o acusm\u00e1tica, onde as obras de diferentes int\u00e9rpretes e compositores compartilham seus testemunhos, di\u00e1logos e desencontros; mas a forma como as organizo, atribui a elas uma dissid\u00eancia pol\u00edtica proativa que talvez, em seu contexto original, eles n\u00e3o tivessem\u00bb. <\/em>Susan Campos<\/p>\n<p><strong>\u00a0<\/strong><\/p>\n<p><a href=\"https:\/\/open.spotify.com\/playlist\/0TugWEngjDWz2fvti3GMV1?si=66aa4a49330c4c64\">https:\/\/open.spotify.com\/playlist\/0TugWEngjDWz2fvti3GMV1?si=66aa4a49330c4c64<\/a><\/p>\n<p><strong>\u00a0<\/strong><\/p>\n<p><strong>\u00a0<\/strong><\/p>\n<p><em>\u201cAqui se personifica o M\u00e9xico que merece um amor belo e profundo, justo, consciente e bondoso. V\u00ea-se como o discurso dos g\u00eaneros mais populares que acompanham os movimentos sociais contempor\u00e2neos est\u00e1 mudando. N\u00e3o h\u00e1 Revolu\u00e7\u00e3o sem M\u00fasica e n\u00e3o h\u00e1 M\u00fasica sem Revolu\u00e7\u00e3o\u201d.<\/em> Vivir Quintana<\/p>\n<p><em>\u00a0<\/em><\/p>\n<p><a href=\"https:\/\/open.spotify.com\/playlist\/72wHsZcSie9hnQriE62lbs?si=16d4114ebc8c4d24\">https:\/\/open.spotify.com\/playlist\/72wHsZcSie9hnQriE62lbs?si=16d4114ebc8c4d24<\/a><\/p>\n<p>&nbsp;<\/p>\n<p>&nbsp;<\/p>\n<p>Identidades Sonoras s\u00e3o as playlists do Spotify criadas por m\u00fasicos, produtores, cr\u00edticos e investigadores dos pa\u00edses que integram o nosso programa, a quem foi pedido que refletissem, interpretassem e constru\u00edssem um percurso integrando tradi\u00e7\u00e3o e novas investiga\u00e7\u00f5es numa lista de 50 obras.<\/p>\n","protected":false},"excerpt":{"rendered":"<p>\u00abUma encena\u00e7\u00e3o acusm\u00e1tica, onde as obras de diferentes int\u00e9rpretes e compositores compartilham seus testemunhos, di\u00e1logos e desencontros; mas a forma como as organizo, atribui a elas uma dissid\u00eancia pol\u00edtica proativa que talvez, em seu contexto original, eles n\u00e3o tivessem\u00bb. Susan Campos \u00a0 https:\/\/open.spotify.com\/playlist\/0TugWEngjDWz2fvti3GMV1?si=66aa4a49330c4c64 \u00a0 \u00a0 \u201cAqui se personifica o M\u00e9xico que merece um amor belo [&hellip;]<\/p>\n","protected":false},"author":7,"featured_media":15456,"comment_status":"closed","ping_status":"closed","sticky":false,"template":"","format":"standard","meta":{"footnotes":""},"categories":[218],"tags":[],"class_list":["post-15458","post","type-post","status-publish","format-standard","has-post-thumbnail","hentry","category-noticias-generales-pt"],"lang":"pt","translations":{"pt":15458,"es":15455},"pll_sync_post":[],"post_mailing_queue_ids":[],"_links":{"self":[{"href":"http:\/\/staging.ibermusicas.org\/index.php\/wp-json\/wp\/v2\/posts\/15458","targetHints":{"allow":["GET"]}}],"collection":[{"href":"http:\/\/staging.ibermusicas.org\/index.php\/wp-json\/wp\/v2\/posts"}],"about":[{"href":"http:\/\/staging.ibermusicas.org\/index.php\/wp-json\/wp\/v2\/types\/post"}],"author":[{"embeddable":true,"href":"http:\/\/staging.ibermusicas.org\/index.php\/wp-json\/wp\/v2\/users\/7"}],"replies":[{"embeddable":true,"href":"http:\/\/staging.ibermusicas.org\/index.php\/wp-json\/wp\/v2\/comments?post=15458"}],"version-history":[{"count":1,"href":"http:\/\/staging.ibermusicas.org\/index.php\/wp-json\/wp\/v2\/posts\/15458\/revisions"}],"predecessor-version":[{"id":15459,"href":"http:\/\/staging.ibermusicas.org\/index.php\/wp-json\/wp\/v2\/posts\/15458\/revisions\/15459"}],"wp:featuredmedia":[{"embeddable":true,"href":"http:\/\/staging.ibermusicas.org\/index.php\/wp-json\/wp\/v2\/media\/15456"}],"wp:attachment":[{"href":"http:\/\/staging.ibermusicas.org\/index.php\/wp-json\/wp\/v2\/media?parent=15458"}],"wp:term":[{"taxonomy":"category","embeddable":true,"href":"http:\/\/staging.ibermusicas.org\/index.php\/wp-json\/wp\/v2\/categories?post=15458"},{"taxonomy":"post_tag","embeddable":true,"href":"http:\/\/staging.ibermusicas.org\/index.php\/wp-json\/wp\/v2\/tags?post=15458"}],"curies":[{"name":"wp","href":"https:\/\/api.w.org\/{rel}","templated":true}]}}