{"id":15493,"date":"2023-05-12T12:32:25","date_gmt":"2023-05-12T12:32:25","guid":{"rendered":"http:\/\/staging.ibermusicas.org\/?p=15493"},"modified":"2023-05-12T12:32:25","modified_gmt":"2023-05-12T12:32:25","slug":"el-trio-dimelo-integrado-por-la-brasilena-aline-goncalves-el-peruano-sergio-valdeos-y-el-chileno-luis-barrueto-presentan-su-nuevo-trabajo-4","status":"publish","type":"post","link":"http:\/\/staging.ibermusicas.org\/index.php\/el-trio-dimelo-integrado-por-la-brasilena-aline-goncalves-el-peruano-sergio-valdeos-y-el-chileno-luis-barrueto-presentan-su-nuevo-trabajo-4\/","title":{"rendered":"El tr\u00edo D\u00edmelo integrado por la brasile\u00f1a Aline Gon\u00e7alves, el peruano Sergio Valdeos y el chileno Luis Barrueto presentan su nuevo trabajo"},"content":{"rendered":"<p>El tr\u00edo D\u00edmelo, formado por una vientista brasile\u00f1a, un guitarrista peruano y un percusionista chileno, grab\u00f3 un disco cuyo repertorio fue concebido como una gira por Am\u00e9rica Latina. En el disco hay g\u00e9neros musicales de 6 pa\u00edses latinoamericanos que toman forma y dialogan a trav\u00e9s del sonido del tr\u00edo y la pasi\u00f3n que tienen sus integrantes por la m\u00fasica de su continente.<\/p>\n<p>&nbsp;<\/p>\n<p>18 de mayo<\/p>\n<p><a href=\"https:\/\/www.youtube.com\/@dimelotrio\">https:\/\/www.youtube.com\/@dimelotrio<\/a><\/p>\n","protected":false},"excerpt":{"rendered":"<p>El tr\u00edo D\u00edmelo, formado por una vientista brasile\u00f1a, un guitarrista peruano y un percusionista chileno, grab\u00f3 un disco cuyo repertorio fue concebido como una gira por Am\u00e9rica Latina. En el disco hay g\u00e9neros musicales de 6 pa\u00edses latinoamericanos que toman forma y dialogan a trav\u00e9s del sonido del tr\u00edo y la pasi\u00f3n que tienen sus [&hellip;]<\/p>\n","protected":false},"author":7,"featured_media":15494,"comment_status":"closed","ping_status":"closed","sticky":false,"template":"","format":"standard","meta":{"footnotes":""},"categories":[53],"tags":[],"class_list":["post-15493","post","type-post","status-publish","format-standard","has-post-thumbnail","hentry","category-noticias-generales"],"lang":"es","translations":{"es":15493,"pt":15496},"pll_sync_post":[],"post_mailing_queue_ids":[],"_links":{"self":[{"href":"http:\/\/staging.ibermusicas.org\/index.php\/wp-json\/wp\/v2\/posts\/15493","targetHints":{"allow":["GET"]}}],"collection":[{"href":"http:\/\/staging.ibermusicas.org\/index.php\/wp-json\/wp\/v2\/posts"}],"about":[{"href":"http:\/\/staging.ibermusicas.org\/index.php\/wp-json\/wp\/v2\/types\/post"}],"author":[{"embeddable":true,"href":"http:\/\/staging.ibermusicas.org\/index.php\/wp-json\/wp\/v2\/users\/7"}],"replies":[{"embeddable":true,"href":"http:\/\/staging.ibermusicas.org\/index.php\/wp-json\/wp\/v2\/comments?post=15493"}],"version-history":[{"count":1,"href":"http:\/\/staging.ibermusicas.org\/index.php\/wp-json\/wp\/v2\/posts\/15493\/revisions"}],"predecessor-version":[{"id":15495,"href":"http:\/\/staging.ibermusicas.org\/index.php\/wp-json\/wp\/v2\/posts\/15493\/revisions\/15495"}],"wp:featuredmedia":[{"embeddable":true,"href":"http:\/\/staging.ibermusicas.org\/index.php\/wp-json\/wp\/v2\/media\/15494"}],"wp:attachment":[{"href":"http:\/\/staging.ibermusicas.org\/index.php\/wp-json\/wp\/v2\/media?parent=15493"}],"wp:term":[{"taxonomy":"category","embeddable":true,"href":"http:\/\/staging.ibermusicas.org\/index.php\/wp-json\/wp\/v2\/categories?post=15493"},{"taxonomy":"post_tag","embeddable":true,"href":"http:\/\/staging.ibermusicas.org\/index.php\/wp-json\/wp\/v2\/tags?post=15493"}],"curies":[{"name":"wp","href":"https:\/\/api.w.org\/{rel}","templated":true}]}}