{"id":15498,"date":"2023-05-12T12:35:41","date_gmt":"2023-05-12T12:35:41","guid":{"rendered":"http:\/\/staging.ibermusicas.org\/?p=15498"},"modified":"2023-06-01T12:48:26","modified_gmt":"2023-06-01T12:48:26","slug":"la-banda-mexicana-troker-regresa-a-colombia-con-su-fusion-unica-de-jazz-rock-y-mariachi","status":"publish","type":"post","link":"http:\/\/staging.ibermusicas.org\/index.php\/la-banda-mexicana-troker-regresa-a-colombia-con-su-fusion-unica-de-jazz-rock-y-mariachi\/","title":{"rendered":"La banda mexicana Troker regresa a Colombia con su fusi\u00f3n \u00fanica de jazz, rock y mariachi"},"content":{"rendered":"<p>Troker, la banda de jazz mexicana conocida por su mezcla \u00fanica de jazz, rock, psicodelia y mariachi, regresa a Colombia para participar en el XV Festival de Jazz de los Andes.<\/p>\n<p>&nbsp;<\/p>\n<p>La relaci\u00f3n de Troker con el p\u00fablico colombiano comenz\u00f3 en 2010 cuando la banda cerr\u00f3 la jornada sabatina del Jazz al Parque, su primera gira internacional. Desde entonces, han colaborado con artistas locales como Crew Peligrosos, Emci Rimas y Jr. Zamora. Adem\u00e1s, han realizado giras por M\u00e9xico con Puerto Candelaria y han pisado escenarios en todo el pa\u00eds, incluyendo Bogot\u00e1, Medell\u00edn, Cali, Tunja, San Gil y Bucaramanga.<\/p>\n<p>&nbsp;<\/p>\n<p>Troker tambi\u00e9n se ha presentado en importantes escenarios de jazz, rock y world music en todo el mundo, siendo reconocidos por Rolling Stone M\u00e9xico como uno de los 20 artistas mexicanos rompiendo fronteras.<\/p>\n<p>&nbsp;<\/p>\n<p>En 2018, Troker grab\u00f3 su Tiny Desk, un reconocimiento a su talento y originalidad, y en 2019, se convirtieron en la \u00fanica banda a nivel mundial en aparecer dos a\u00f1os consecutivos en el cartel oficial del prestigioso Festival Glastonbury de Inglaterra. La banda tambi\u00e9n recibi\u00f3 el premio de trayectoria 2022 del Estado de Jalisco y gan\u00f3 dos premios IMAS por mejor disco de jazz fusi\u00f3n. Fueron nominados a las Lunas de Auditorio y seleccionados como uno de los mejores shows de jazz en Nueva York por la revista New York City Jazz Record.<\/p>\n<p>&nbsp;<\/p>\n<p>En su nueva visita a Colombia, Troker llega con un nuevo sencillo bajo el brazo, \u00abNoir Mambo\u00bb, disponible en todas las plataformas, una canci\u00f3n que transmite el caos de la gran ciudad que duerme y sue\u00f1a, y muestra su influencia de P\u00e9rez Prado.<\/p>\n<p>&nbsp;<\/p>\n<p>&nbsp;<\/p>\n<ul>\n<li>18 mayo Taller de Industria Musical a cargo de Ana Rodriguez y Troker, Departamento de m\u00fasica de la Universidad de los Andes, Cl. 19A #1-87 este, Bogot\u00e1, Colombia<\/li>\n<\/ul>\n<p>&nbsp;<\/p>\n<ul>\n<li>18 mayo Colaboraci\u00f3n musical y grabaci\u00f3n en estudio, Troker y Jr Zamora, sala de grabaci\u00f3n del Departamento de m\u00fasica de la Universidad de los Andes, Cl. 19A #1-87 este, Bogot\u00e1, Colombia<\/li>\n<\/ul>\n<p>&nbsp;<\/p>\n<ul>\n<li>19 de mayo, 19 hs. Concierto en Auditorio Mario Laserna, Universidad de los Andes, Cl. 19A #1-87 este, Bogot\u00e1, Colombia<\/li>\n<\/ul>\n","protected":false},"excerpt":{"rendered":"<p>Troker, la banda de jazz mexicana conocida por su mezcla \u00fanica de jazz, rock, psicodelia y mariachi, regresa a Colombia para participar en el XV Festival de Jazz de los Andes. &nbsp; La relaci\u00f3n de Troker con el p\u00fablico colombiano comenz\u00f3 en 2010 cuando la banda cerr\u00f3 la jornada sabatina del Jazz al Parque, su [&hellip;]<\/p>\n","protected":false},"author":7,"featured_media":15499,"comment_status":"closed","ping_status":"closed","sticky":false,"template":"","format":"standard","meta":{"footnotes":""},"categories":[53],"tags":[],"class_list":["post-15498","post","type-post","status-publish","format-standard","has-post-thumbnail","hentry","category-noticias-generales"],"lang":"es","translations":{"es":15498,"pt":15501},"pll_sync_post":[],"post_mailing_queue_ids":[],"_links":{"self":[{"href":"http:\/\/staging.ibermusicas.org\/index.php\/wp-json\/wp\/v2\/posts\/15498","targetHints":{"allow":["GET"]}}],"collection":[{"href":"http:\/\/staging.ibermusicas.org\/index.php\/wp-json\/wp\/v2\/posts"}],"about":[{"href":"http:\/\/staging.ibermusicas.org\/index.php\/wp-json\/wp\/v2\/types\/post"}],"author":[{"embeddable":true,"href":"http:\/\/staging.ibermusicas.org\/index.php\/wp-json\/wp\/v2\/users\/7"}],"replies":[{"embeddable":true,"href":"http:\/\/staging.ibermusicas.org\/index.php\/wp-json\/wp\/v2\/comments?post=15498"}],"version-history":[{"count":1,"href":"http:\/\/staging.ibermusicas.org\/index.php\/wp-json\/wp\/v2\/posts\/15498\/revisions"}],"predecessor-version":[{"id":15500,"href":"http:\/\/staging.ibermusicas.org\/index.php\/wp-json\/wp\/v2\/posts\/15498\/revisions\/15500"}],"wp:featuredmedia":[{"embeddable":true,"href":"http:\/\/staging.ibermusicas.org\/index.php\/wp-json\/wp\/v2\/media\/15499"}],"wp:attachment":[{"href":"http:\/\/staging.ibermusicas.org\/index.php\/wp-json\/wp\/v2\/media?parent=15498"}],"wp:term":[{"taxonomy":"category","embeddable":true,"href":"http:\/\/staging.ibermusicas.org\/index.php\/wp-json\/wp\/v2\/categories?post=15498"},{"taxonomy":"post_tag","embeddable":true,"href":"http:\/\/staging.ibermusicas.org\/index.php\/wp-json\/wp\/v2\/tags?post=15498"}],"curies":[{"name":"wp","href":"https:\/\/api.w.org\/{rel}","templated":true}]}}