{"id":15501,"date":"2023-05-12T12:38:39","date_gmt":"2023-05-12T12:38:39","guid":{"rendered":"http:\/\/staging.ibermusicas.org\/?p=15501"},"modified":"2023-06-01T13:13:28","modified_gmt":"2023-06-01T13:13:28","slug":"a-banda-mexicana-troker-retorna-a-colombia-com-sua-fusao-unica-de-jazz-rock-e-mariachi","status":"publish","type":"post","link":"http:\/\/staging.ibermusicas.org\/index.php\/a-banda-mexicana-troker-retorna-a-colombia-com-sua-fusao-unica-de-jazz-rock-e-mariachi\/","title":{"rendered":"A banda mexicana Troker retorna \u00e0 Col\u00f4mbia com sua fus\u00e3o \u00fanica de jazz, rock e mariachi"},"content":{"rendered":"<p>Troker, a banda mexicana de jazz conhecida por sua mistura \u00fanica de jazz, rock, psicodelia e mariachi, retorna \u00e0 Col\u00f4mbia para participar do XV Festival de Jazz dos Andes.<\/p>\n<p>&nbsp;<\/p>\n<p>A rela\u00e7\u00e3o de Troker com o p\u00fablico colombiano come\u00e7ou em 2010, quando a banda encerrou a noite de s\u00e1bado do Jazz al Parque, sua primeira turn\u00ea internacional. Desde ent\u00e3o, eles t\u00eam colaborado com artistas locais como Crew Peligrosos, Emci Rimas e Jr. Zamora. Al\u00e9m disso, eles fizeram turn\u00eas pelo M\u00e9xico com Puerto Candelaria e pisaram palcos em todo o pa\u00eds, incluindo Bogot\u00e1, Medell\u00edn, Cali, Tunja, San Gil e Bucaramanga.<\/p>\n<p>&nbsp;<\/p>\n<p>Troker tamb\u00e9m se apresentou nos principais locais de jazz, rock e world music em todo o mundo, sendo reconhecido pela Rolling Stone Mexico como um dos 20 artistas mexicanos quebrando fronteiras.<\/p>\n<p>&nbsp;<\/p>\n<p>Em 2018, os Troker gravaram o seu Tiny Desk, um reconhecimento ao seu talento e originalidade, e em 2019, tornaram-se na \u00fanica banda do mundo a aparecer por dois anos consecutivos no cartaz oficial do prestigiado Glastonbury Festival, em Inglaterra. A banda tamb\u00e9m recebeu o pr\u00eamio de carreira de 2022 do estado de Jalisco e ganhou dois pr\u00eamios IMAS de melhor \u00e1lbum de jazz fusion. Foram indicados ao Lunas de Auditorio e eleitos como um dos melhores shows de jazz de Nova York pela revista New York City Jazz Record.<\/p>\n<p>&nbsp;<\/p>\n<p>Em sua nova passagem pela Col\u00f4mbia, Troker chega com um novo single debaixo do bra\u00e7o, \u201cNoir Mambo\u201d, dispon\u00edvel em todas as plataformas, uma m\u00fasica que transmite o caos da cidade grande que dorme e sonha, e mostra sua influ\u00eancia de P\u00e9rez Prado.<\/p>\n<ul>\n<li>18 de maio Oficina de Ind\u00fastria Musical por Ana Rodriguez e Troker, Departamento de<\/li>\n<li>18 de maio, Troker e Jr Zamora, sala de grava\u00e7\u00e3o da M\u00fasica Departamento da Universidad de los Andes, Cl. 19A #1-87 leste, Bogot\u00e1, Col\u00f4mbia<\/li>\n<li>19 de maio, 19h. Concerto no Auditorio Mario Laserna, Universidad de los Andes, Cl. 19A #1-87 leste, Bogot\u00e1, Col\u00f4mbia<\/li>\n<\/ul>\n","protected":false},"excerpt":{"rendered":"<p>Troker, a banda mexicana de jazz conhecida por sua mistura \u00fanica de jazz, rock, psicodelia e mariachi, retorna \u00e0 Col\u00f4mbia para participar do XV Festival de Jazz dos Andes. &nbsp; A rela\u00e7\u00e3o de Troker com o p\u00fablico colombiano come\u00e7ou em 2010, quando a banda encerrou a noite de s\u00e1bado do Jazz al Parque, sua primeira [&hellip;]<\/p>\n","protected":false},"author":7,"featured_media":15499,"comment_status":"closed","ping_status":"closed","sticky":false,"template":"","format":"standard","meta":{"footnotes":""},"categories":[218],"tags":[],"class_list":["post-15501","post","type-post","status-publish","format-standard","has-post-thumbnail","hentry","category-noticias-generales-pt"],"lang":"pt","translations":{"pt":15501,"es":15498},"pll_sync_post":[],"post_mailing_queue_ids":[],"_links":{"self":[{"href":"http:\/\/staging.ibermusicas.org\/index.php\/wp-json\/wp\/v2\/posts\/15501","targetHints":{"allow":["GET"]}}],"collection":[{"href":"http:\/\/staging.ibermusicas.org\/index.php\/wp-json\/wp\/v2\/posts"}],"about":[{"href":"http:\/\/staging.ibermusicas.org\/index.php\/wp-json\/wp\/v2\/types\/post"}],"author":[{"embeddable":true,"href":"http:\/\/staging.ibermusicas.org\/index.php\/wp-json\/wp\/v2\/users\/7"}],"replies":[{"embeddable":true,"href":"http:\/\/staging.ibermusicas.org\/index.php\/wp-json\/wp\/v2\/comments?post=15501"}],"version-history":[{"count":1,"href":"http:\/\/staging.ibermusicas.org\/index.php\/wp-json\/wp\/v2\/posts\/15501\/revisions"}],"predecessor-version":[{"id":15502,"href":"http:\/\/staging.ibermusicas.org\/index.php\/wp-json\/wp\/v2\/posts\/15501\/revisions\/15502"}],"wp:featuredmedia":[{"embeddable":true,"href":"http:\/\/staging.ibermusicas.org\/index.php\/wp-json\/wp\/v2\/media\/15499"}],"wp:attachment":[{"href":"http:\/\/staging.ibermusicas.org\/index.php\/wp-json\/wp\/v2\/media?parent=15501"}],"wp:term":[{"taxonomy":"category","embeddable":true,"href":"http:\/\/staging.ibermusicas.org\/index.php\/wp-json\/wp\/v2\/categories?post=15501"},{"taxonomy":"post_tag","embeddable":true,"href":"http:\/\/staging.ibermusicas.org\/index.php\/wp-json\/wp\/v2\/tags?post=15501"}],"curies":[{"name":"wp","href":"https:\/\/api.w.org\/{rel}","templated":true}]}}