{"id":15503,"date":"2023-05-12T12:47:00","date_gmt":"2023-05-12T12:47:00","guid":{"rendered":"http:\/\/staging.ibermusicas.org\/?p=15503"},"modified":"2023-06-01T12:48:20","modified_gmt":"2023-06-01T12:48:20","slug":"la-banda-argentina-arbolito-festeja-25-anos-y-los-celebra-presentandose-por-primera-vez-en-bolivia","status":"publish","type":"post","link":"http:\/\/staging.ibermusicas.org\/index.php\/la-banda-argentina-arbolito-festeja-25-anos-y-los-celebra-presentandose-por-primera-vez-en-bolivia\/","title":{"rendered":"La banda Argentina Arbolito festeja 25 a\u00f1os y los celebra present\u00e1ndose por primera vez en Bolivia"},"content":{"rendered":"<p>Llega a Bolivia por primera vez la banda argentina emblem\u00e1tica de Rock Folkl\u00f3rico. A partir de la fusi\u00f3n de r\u00edtmos folkl\u00f3ricos argentinos y latinoamericanos con influencias de otras latitudes, Arbolito despliega un sonido elaborado y rico de color instrumental, que adem\u00e1s sostiene letras con decidido contenido social. La banda acaba de festejar sus primeros 25 a\u00f1os y tocar en Bolivia es la manera ideal de continuar con los festejos.<\/p>\n<p>&nbsp;<\/p>\n<p>Arbolito es una banda argentina de folk rock, creada en 1997 en la ciudad de Buenos Aires. Se caracteriza por su estilo profundamente ecl\u00e9ctico que fusiona m\u00fasicas folkl\u00f3ricas de la Argentina (chacarera, zamba), Bolivia (huayno, saya), Uruguay (candombe), entre otros, con ritmos de amplia difusi\u00f3n en el pa\u00eds (principalmente rock, de grupos como Jethro Tull, y reggae). La banda tambi\u00e9n destaca por su destreza multi-instrument\u00edstica y por sus letras con un fuerte contenido social. Toca tanto en festivales de rock nacional, como en festivales de folclore argentino (por ejemplo, en 2009 tocaron en el festival de Cosqu\u00edn).<\/p>\n<p>&nbsp;<\/p>\n<p>20 de mayo, Festival Grito Rock, Cochabamba, Bolivia<\/p>\n","protected":false},"excerpt":{"rendered":"<p>Llega a Bolivia por primera vez la banda argentina emblem\u00e1tica de Rock Folkl\u00f3rico. A partir de la fusi\u00f3n de r\u00edtmos folkl\u00f3ricos argentinos y latinoamericanos con influencias de otras latitudes, Arbolito despliega un sonido elaborado y rico de color instrumental, que adem\u00e1s sostiene letras con decidido contenido social. La banda acaba de festejar sus primeros 25 [&hellip;]<\/p>\n","protected":false},"author":7,"featured_media":15504,"comment_status":"closed","ping_status":"closed","sticky":false,"template":"","format":"standard","meta":{"footnotes":""},"categories":[53],"tags":[],"class_list":["post-15503","post","type-post","status-publish","format-standard","has-post-thumbnail","hentry","category-noticias-generales"],"lang":"es","translations":{"es":15503,"pt":15506},"pll_sync_post":[],"post_mailing_queue_ids":[],"_links":{"self":[{"href":"http:\/\/staging.ibermusicas.org\/index.php\/wp-json\/wp\/v2\/posts\/15503","targetHints":{"allow":["GET"]}}],"collection":[{"href":"http:\/\/staging.ibermusicas.org\/index.php\/wp-json\/wp\/v2\/posts"}],"about":[{"href":"http:\/\/staging.ibermusicas.org\/index.php\/wp-json\/wp\/v2\/types\/post"}],"author":[{"embeddable":true,"href":"http:\/\/staging.ibermusicas.org\/index.php\/wp-json\/wp\/v2\/users\/7"}],"replies":[{"embeddable":true,"href":"http:\/\/staging.ibermusicas.org\/index.php\/wp-json\/wp\/v2\/comments?post=15503"}],"version-history":[{"count":1,"href":"http:\/\/staging.ibermusicas.org\/index.php\/wp-json\/wp\/v2\/posts\/15503\/revisions"}],"predecessor-version":[{"id":15505,"href":"http:\/\/staging.ibermusicas.org\/index.php\/wp-json\/wp\/v2\/posts\/15503\/revisions\/15505"}],"wp:featuredmedia":[{"embeddable":true,"href":"http:\/\/staging.ibermusicas.org\/index.php\/wp-json\/wp\/v2\/media\/15504"}],"wp:attachment":[{"href":"http:\/\/staging.ibermusicas.org\/index.php\/wp-json\/wp\/v2\/media?parent=15503"}],"wp:term":[{"taxonomy":"category","embeddable":true,"href":"http:\/\/staging.ibermusicas.org\/index.php\/wp-json\/wp\/v2\/categories?post=15503"},{"taxonomy":"post_tag","embeddable":true,"href":"http:\/\/staging.ibermusicas.org\/index.php\/wp-json\/wp\/v2\/tags?post=15503"}],"curies":[{"name":"wp","href":"https:\/\/api.w.org\/{rel}","templated":true}]}}