{"id":15506,"date":"2023-05-12T12:48:57","date_gmt":"2023-05-12T12:48:57","guid":{"rendered":"http:\/\/staging.ibermusicas.org\/?p=15506"},"modified":"2023-06-01T13:13:22","modified_gmt":"2023-06-01T13:13:22","slug":"a-banda-argentina-arbolito-comemora-25-anos-apresentando-se-pela-primeira-vez-na-bolivia","status":"publish","type":"post","link":"http:\/\/staging.ibermusicas.org\/index.php\/a-banda-argentina-arbolito-comemora-25-anos-apresentando-se-pela-primeira-vez-na-bolivia\/","title":{"rendered":"A banda argentina Arbolito comemora 25 anos apresentando-se pela primeira vez na Bol\u00edvia"},"content":{"rendered":"<p>A emblem\u00e1tica banda argentina de Folk Rock chega pela primeira vez \u00e0 Bol\u00edvia. Da fus\u00e3o de ritmos folcl\u00f3ricos argentinos e latino-americanos com influ\u00eancias de outras latitudes, Arbolito apresenta uma sonoridade elaborada e rica em cor instrumental, que tamb\u00e9m sustenta letras com um conte\u00fado social decidido. A banda acaba de comemorar seus primeiros 25 anos e tocar na Bol\u00edvia \u00e9 a forma ideal de continuar as festividades.<\/p>\n<p>&nbsp;<\/p>\n<p>Arbolito \u00e9 uma banda de folk rock argentina, criada em 1997 na cidade de Buenos Aires. Caracteriza-se por seu estilo profundamente ecl\u00e9tico que funde m\u00fasica folcl\u00f3rica da Argentina (chacarera, zamba), Bol\u00edvia (huayno, saya), Uruguai (candombe), entre outros, com ritmos amplamente difundidos no pa\u00eds (principalmente rock, de grupos como Jethro Tull e reggae). A banda tamb\u00e9m se destaca por sua proeza multi-instrumental e por suas letras com forte conte\u00fado social. Tocam tanto em festivais nacionais de rock quanto em festivais de folclore argentino (por exemplo, em 2009 tocaram no festival Cosqu\u00edn).<\/p>\n","protected":false},"excerpt":{"rendered":"<p>A emblem\u00e1tica banda argentina de Folk Rock chega pela primeira vez \u00e0 Bol\u00edvia. Da fus\u00e3o de ritmos folcl\u00f3ricos argentinos e latino-americanos com influ\u00eancias de outras latitudes, Arbolito apresenta uma sonoridade elaborada e rica em cor instrumental, que tamb\u00e9m sustenta letras com um conte\u00fado social decidido. A banda acaba de comemorar seus primeiros 25 anos e [&hellip;]<\/p>\n","protected":false},"author":7,"featured_media":15504,"comment_status":"closed","ping_status":"closed","sticky":false,"template":"","format":"standard","meta":{"footnotes":""},"categories":[218],"tags":[],"class_list":["post-15506","post","type-post","status-publish","format-standard","has-post-thumbnail","hentry","category-noticias-generales-pt"],"lang":"pt","translations":{"pt":15506,"es":15503},"pll_sync_post":[],"post_mailing_queue_ids":[],"_links":{"self":[{"href":"http:\/\/staging.ibermusicas.org\/index.php\/wp-json\/wp\/v2\/posts\/15506","targetHints":{"allow":["GET"]}}],"collection":[{"href":"http:\/\/staging.ibermusicas.org\/index.php\/wp-json\/wp\/v2\/posts"}],"about":[{"href":"http:\/\/staging.ibermusicas.org\/index.php\/wp-json\/wp\/v2\/types\/post"}],"author":[{"embeddable":true,"href":"http:\/\/staging.ibermusicas.org\/index.php\/wp-json\/wp\/v2\/users\/7"}],"replies":[{"embeddable":true,"href":"http:\/\/staging.ibermusicas.org\/index.php\/wp-json\/wp\/v2\/comments?post=15506"}],"version-history":[{"count":1,"href":"http:\/\/staging.ibermusicas.org\/index.php\/wp-json\/wp\/v2\/posts\/15506\/revisions"}],"predecessor-version":[{"id":15507,"href":"http:\/\/staging.ibermusicas.org\/index.php\/wp-json\/wp\/v2\/posts\/15506\/revisions\/15507"}],"wp:featuredmedia":[{"embeddable":true,"href":"http:\/\/staging.ibermusicas.org\/index.php\/wp-json\/wp\/v2\/media\/15504"}],"wp:attachment":[{"href":"http:\/\/staging.ibermusicas.org\/index.php\/wp-json\/wp\/v2\/media?parent=15506"}],"wp:term":[{"taxonomy":"category","embeddable":true,"href":"http:\/\/staging.ibermusicas.org\/index.php\/wp-json\/wp\/v2\/categories?post=15506"},{"taxonomy":"post_tag","embeddable":true,"href":"http:\/\/staging.ibermusicas.org\/index.php\/wp-json\/wp\/v2\/tags?post=15506"}],"curies":[{"name":"wp","href":"https:\/\/api.w.org\/{rel}","templated":true}]}}